{"id":10786,"date":"2021-04-16T03:14:32","date_gmt":"2021-04-16T06:14:32","guid":{"rendered":"https:\/\/hostnetart.com.br\/baixada\/santander-divulga-calendario-de-vacinacao-contra-h1n1\/"},"modified":"2021-04-16T03:14:32","modified_gmt":"2021-04-16T06:14:32","slug":"santander-divulga-calendario-de-vacinacao-contra-h1n1","status":"publish","type":"post","link":"https:\/\/hostnetart.com.br\/baixada\/santander-divulga-calendario-de-vacinacao-contra-h1n1\/","title":{"rendered":"Santander divulga calend\u00e1rio de vacina\u00e7\u00e3o contra H1N1"},"content":{"rendered":"<p>Funcion\u00e1rios, estagi\u00e1rios e jovens aprendizes do banco Santander poder\u00e3o se vacinar contra a gripe (H1N1) a partir de segunda-feira (19). O banco divulgou o calend\u00e1rio de vacina\u00e7\u00e3o, nesta quinta-feira (15), em reuni\u00e3o com a Comiss\u00e3o de Organiza\u00e7\u00e3o dos Empregados (COE).<\/p>\n<p>A vacina\u00e7\u00e3o ser\u00e1 realizada nas unidades de trabalho, conforme calend\u00e1rio enviado pelo banco a todos os funcion\u00e1rios. Aqueles que n\u00e3o puderem comparecer nas datas definidas devem agendar a vacina\u00e7\u00e3o na rela\u00e7\u00e3o de cl\u00ednicas conveniadas. O banco n\u00e3o reembolsar\u00e1 os custos de vacina\u00e7\u00e3o em cl\u00ednicas n\u00e3o conveniadas.<\/p>\n<p>\u201cTrata-se de uma importante a\u00e7\u00e3o preventiva e de promo\u00e7\u00e3o \u00e0 sa\u00fade reivindicada pelas entidades sindicais em benef\u00edcio dos funcion\u00e1rios\u201d, informou o secret\u00e1rio de Assuntos Socioecon\u00f4micos e representante da Confedera\u00e7\u00e3o Nacional dos Trabalhadores do Ramo Financeiro (Contraf-CUT) nas negocia\u00e7\u00f5es com o Santander, Mario Raia.<\/p>\n<p>\u201cSe a vacina\u00e7\u00e3o contra a gripe j\u00e1 era importante antes, no atual contexto, de pandemia de Covid-19, torna-se imprescind\u00edvel. Por isso, orientamos que todos os funcion\u00e1rios se esforcem para participar desta campanha de vacina\u00e7\u00e3o\u201d, completou ao lembrar que a vacina contra a gripe n\u00e3o protege contra o coronav\u00edrus, mas o Minist\u00e9rio da Sa\u00fade ressalta a import\u00e2ncia de se vacinar contra a gripe comum para evitar a confus\u00e3o de diagn\u00f3sticos e proteger a popula\u00e7\u00e3o contra as formas mais graves da doen\u00e7a.<\/p>\n<p>Em caso de d\u00favidas ou dificuldades para ser vacinado, o funcion\u00e1rio deve acessar o portal RH e consultar as\u00a0<a href=\"https:\/\/contrafcut.com.br\/vacinacao-faq\/\" target=\"_blank\" rel=\"noopener noreferrer\">respostas \u00e0s perguntas frequentes<\/a>. Se as d\u00favidas permanecerem, deve entrar em contato com o RH do banco, ou com seu sindicato.<\/p>\n<p><strong>Fonte: Contraf-CUT<\/strong><\/p>\n","protected":false},"excerpt":{"rendered":"<p>Funcion\u00e1rios, estagi\u00e1rios e jovens aprendizes do banco Santander poder\u00e3o se vacinar contra a gripe (H1N1) a partir de segunda-feira (19). O banco divulgou o calend\u00e1rio de vacina\u00e7\u00e3o, nesta quinta-feira (15), em reuni\u00e3o com a Comiss\u00e3o de Organiza\u00e7\u00e3o dos Empregados (COE). A vacina\u00e7\u00e3o ser\u00e1 realizada nas unidades de trabalho, conforme calend\u00e1rio enviado pelo banco a todos [&hellip;]<\/p>\n","protected":false},"author":2,"featured_media":10785,"comment_status":"","ping_status":"","sticky":false,"template":"","format":"standard","meta":{"footnotes":""},"categories":[3],"tags":[],"class_list":["post-10786","post","type-post","status-publish","format-standard","has-post-thumbnail","hentry","category-noticias"],"_links":{"self":[{"href":"https:\/\/hostnetart.com.br\/baixada\/wp-json\/wp\/v2\/posts\/10786","targetHints":{"allow":["GET"]}}],"collection":[{"href":"https:\/\/hostnetart.com.br\/baixada\/wp-json\/wp\/v2\/posts"}],"about":[{"href":"https:\/\/hostnetart.com.br\/baixada\/wp-json\/wp\/v2\/types\/post"}],"author":[{"embeddable":true,"href":"https:\/\/hostnetart.com.br\/baixada\/wp-json\/wp\/v2\/users\/2"}],"replies":[{"embeddable":true,"href":"https:\/\/hostnetart.com.br\/baixada\/wp-json\/wp\/v2\/comments?post=10786"}],"version-history":[{"count":0,"href":"https:\/\/hostnetart.com.br\/baixada\/wp-json\/wp\/v2\/posts\/10786\/revisions"}],"wp:featuredmedia":[{"embeddable":true,"href":"https:\/\/hostnetart.com.br\/baixada\/wp-json\/wp\/v2\/media\/10785"}],"wp:attachment":[{"href":"https:\/\/hostnetart.com.br\/baixada\/wp-json\/wp\/v2\/media?parent=10786"}],"wp:term":[{"taxonomy":"category","embeddable":true,"href":"https:\/\/hostnetart.com.br\/baixada\/wp-json\/wp\/v2\/categories?post=10786"},{"taxonomy":"post_tag","embeddable":true,"href":"https:\/\/hostnetart.com.br\/baixada\/wp-json\/wp\/v2\/tags?post=10786"}],"curies":[{"name":"wp","href":"https:\/\/api.w.org\/{rel}","templated":true}]}}