{"id":10784,"date":"2021-04-16T03:13:22","date_gmt":"2021-04-16T06:13:22","guid":{"rendered":"https:\/\/hostnetart.com.br\/baixada\/analise-critica-do-balanco-confirma-essencialidade-do-bb-para-o-pais\/"},"modified":"2021-04-16T03:13:22","modified_gmt":"2021-04-16T06:13:22","slug":"analise-critica-do-balanco-confirma-essencialidade-do-bb-para-o-pais","status":"publish","type":"post","link":"https:\/\/hostnetart.com.br\/baixada\/analise-critica-do-balanco-confirma-essencialidade-do-bb-para-o-pais\/","title":{"rendered":"An\u00e1lise cr\u00edtica do balan\u00e7o confirma essencialidade do BB para o pa\u00eds"},"content":{"rendered":"<p>O terceiro dia de an\u00e1lise dos balan\u00e7os dos bancos p\u00fablicos, para destacar sua viabilidade comercial e sua import\u00e2ncia social, destacou os resultados do Banco do Brasil e os ataques que o mesmo vem sofrendo nos \u00faltimos anos e os preju\u00edzos que isso pode causar para o pa\u00eds.<\/p>\n<p>O mediador do debate, Jos\u00e9 Ricardo Sasseron, explicou que o evento faz parte de um curso sobre os bancos p\u00fablicos realizado em parceria entre a Confedera\u00e7\u00e3o Nacional dos Trabalhadores do Ramo Financeiro (Contraf-CUT) e a Federa\u00e7\u00e3o Nacional das Associa\u00e7\u00f5es de Pessoal da Caixa Econ\u00f4mica Federal (Fenae), apresentou debatedores do dia e passou a palavra para os representantes da Fenae e da Contraf-CUT fazerem uma sauda\u00e7\u00e3o inicial.<\/p>\n<p>O presidente da Fenae, Sergio Takemoto, disse que \u00e9 uma alegria muito grande fazer esse debate em um momento em que o Banco do Brasil e os demais bancos p\u00fablicos est\u00e3o sofrendo mais uma tentativa de enxugamento. \u201cO novo presidente afirma que o BB \u00e9 de mercado. \u00c9 importante prepararmos os dirigentes sindicais para fazer uma defesa adequada do Banco do Brasil, da Caixa e dos demais bancos p\u00fablicos junto \u00e0 sociedade\u201d.<\/p>\n<p>Gustavo Tabatinga, secret\u00e1rio-geral da Conraf-CUT tamb\u00e9m ressaltou a import\u00e2ncia do ciclo de debates sobre os bancos p\u00fablicos. \u201cQuem teve a oportunidade de participar dos debates anteriores j\u00e1 p\u00f4de ver o quanto \u00e9 importante defendermos os bancos p\u00fablicos. Hoje, vamos destacar o Banco do Brasil, um banco que tem 213 anos de exist\u00eancia. Mais uma vez, veremos que sem os bancos p\u00fablicos o n\u00e3o haver\u00e1 o desenvolvimento do pa\u00eds\u201d.<\/p>\n<h3><strong>Os n\u00fameros<\/strong><\/h3>\n<p><a href=\"https:\/\/contrafcut.com.br\/dieese-principais-resultados-bb-2020\/\" target=\"_blank\" rel=\"noopener noreferrer\">A apresenta\u00e7\u00e3o da economista N\u00e1dia Vieira de Souza<\/a>, do Departamento Intersindical de Estat\u00edstica e Estudos Socioecon\u00f4micos (Dieese) refor\u00e7ou a vis\u00e3o de que o Banco do Brasil, assim como os demais bancos p\u00fablicos, desempenha um importante papel no desenvolvimento do pa\u00eds, tanto em decorr\u00eancia da concess\u00e3o de cr\u00e9dito, principalmente no cr\u00e9dito rural, mas tamb\u00e9m na execu\u00e7\u00e3o de programas sociais do Governo Federal. \u201cMas, nos \u00faltimos anos, temos visto um ataque sistem\u00e1tico a todos os bancos p\u00fablicos, incluindo o Banco do Brasil. Isso tem reduzido cada vez mais sua atua\u00e7\u00e3o\u201d, observou a economista. \u201cMas, mesmo com esses ataques, a participa\u00e7\u00e3o do BB no total de cr\u00e9dito fechou 2020 em 19,4%, com peso ainda maior nas regi\u00f5es Norte, Nordeste e Centro-Oeste\u201d, completou.<\/p>\n<figure class=\"wp-block-image size-large\"><img fetchpriority=\"high\" decoding=\"async\" class=\"wp-image-287108\" src=\"https:\/\/contrafcut.com.br\/wp-content\/uploads\/2021\/04\/tabela-operacoes-de-credito-bb.jpeg\" sizes=\"(max-width: 1280px) 100vw, 1280px\" srcset=\"https:\/\/contrafcut.com.br\/wp-content\/uploads\/2021\/04\/tabela-operacoes-de-credito-bb.jpeg 1280w, https:\/\/contrafcut.com.br\/wp-content\/uploads\/2021\/04\/tabela-operacoes-de-credito-bb-410x230.jpeg 410w, https:\/\/contrafcut.com.br\/wp-content\/uploads\/2021\/04\/tabela-operacoes-de-credito-bb-768x430.jpeg 768w\" alt=\"\" width=\"1280\" height=\"717\" \/><\/figure>\n<p>Al\u00e9m do cr\u00e9dito, N\u00e1dia tamb\u00e9m destacou a capilaridade do BB, que atua na maior parte dos munic\u00edpios brasileiros. \u201cO banco, no entanto, vem sofrendo um forte enxugamento nos \u00faltimos anos e, em janeiro, foi anunciada mais uma reestrutura\u00e7\u00e3o, com fechamento de ag\u00eancias e uma redu\u00e7\u00e3o de 6% do pessoal, o que causar\u00e1 um forte impacto no trabalho e sobrecarregar\u00e1 os funcion\u00e1rios que permanecer\u00e3o no quadro\u201d, ressaltou.<\/p>\n<figure class=\"wp-block-image size-large\"><img decoding=\"async\" class=\"wp-image-287106\" src=\"https:\/\/contrafcut.com.br\/wp-content\/uploads\/2021\/04\/grafico-reducao-de-postos-de-trabalho.jpeg\" sizes=\"(max-width: 1280px) 100vw, 1280px\" srcset=\"https:\/\/contrafcut.com.br\/wp-content\/uploads\/2021\/04\/grafico-reducao-de-postos-de-trabalho.jpeg 1280w, https:\/\/contrafcut.com.br\/wp-content\/uploads\/2021\/04\/grafico-reducao-de-postos-de-trabalho-408x230.jpeg 408w, https:\/\/contrafcut.com.br\/wp-content\/uploads\/2021\/04\/grafico-reducao-de-postos-de-trabalho-768x433.jpeg 768w\" alt=\"\" width=\"1280\" height=\"722\" \/><\/figure>\n<p>A representante dos funcion\u00e1rios no Conselho de Administra\u00e7\u00e3o do BB (Caref), D\u00e9bora Fonseca, tamb\u00e9m ressaltou a capilaridade do Banco do Brasil. \u201cA presen\u00e7a do BB \u00e9 muito marcante em muitos munic\u00edpios, principalmente naqueles onde ele \u00e9 o \u00fanico banco da cidade. E em muitos deles essa rela\u00e7\u00e3o de proximidade com os agricultores contribui com a atua\u00e7\u00e3o junto ao agroneg\u00f3cio. Com o fechamento de ag\u00eancias abre-se espa\u00e7o para as cooperativas de cr\u00e9dito\u201d, disse.<\/p>\n<figure class=\"wp-block-image size-large\"><img decoding=\"async\" class=\"wp-image-287107\" src=\"https:\/\/contrafcut.com.br\/wp-content\/uploads\/2021\/04\/tabela-credito-regional.jpeg\" sizes=\"(max-width: 1280px) 100vw, 1280px\" srcset=\"https:\/\/contrafcut.com.br\/wp-content\/uploads\/2021\/04\/tabela-credito-regional.jpeg 1280w, https:\/\/contrafcut.com.br\/wp-content\/uploads\/2021\/04\/tabela-credito-regional-408x230.jpeg 408w, https:\/\/contrafcut.com.br\/wp-content\/uploads\/2021\/04\/tabela-credito-regional-768x433.jpeg 768w\" alt=\"\" width=\"1280\" height=\"721\" \/><\/figure>\n<h3>Banco do mercado<\/h3>\n<p>D\u00e9bora Fonseca, tamb\u00e9m apontou a dubiedade do discurso do novo presidente do banco, Fausto Ribeiro. \u201cDepois de ter dado diversas declara\u00e7\u00f5es destacando que dar\u00e1 aten\u00e7\u00e3o aos funcion\u00e1rios, no Conselho de Administra\u00e7\u00e3o, onde h\u00e1 a presen\u00e7a dos acionistas, o novo presidente do BB focou sua fala no retorno aos investidores\u201d.<\/p>\n<p>A Caref do BB lembrou, ainda que as devolu\u00e7\u00f5es de recursos para o Tesouro Nacional por meio dos Instrumentos H\u00edbridos de Capital e D\u00edvida (IHCD) pode trazer preju\u00edzos para o banco e sua atua\u00e7\u00e3o de fomento ao desenvolvimento e, consequentemente para o pa\u00eds. \u201cIsso pode encarecer o cr\u00e9dito e gerar grande impacto n\u00e3o apenas na compra de maquin\u00e1rios, mas do agro como um todo\u201d, afirmou. \u201c\u00c9 ruim para o Estado, \u00e9 ruim para o produtor, \u00e9 ruim pra todo mundo! Ningu\u00e9m \u00e9 beneficiado, a n\u00e3o ser os bancos privados, que poder\u00e3o competir em melhores condi\u00e7\u00f5es no segmento agro\u201d, completou.<\/p>\n<h3>Gera\u00e7\u00e3o de empregos<\/h3>\n<p>O coordenador da Comiss\u00e3o de Empresa dos Funcion\u00e1rios do Banco do Brasil (CEBB), Jo\u00e3o Fukunaga fechou o debate. Em sua fala ele destacou a import\u00e2ncia do Banco do Brasil para a gera\u00e7\u00e3o de emprego.<\/p>\n<p>\u201cO Banco do Brasil sempre foi um importante ator no segmento de cr\u00e9dito para as micros e pequenas empresas, que s\u00e3o as que mais geram emprego no pa\u00eds. No ano passado, se n\u00e3o fosse o BB, ter\u00edamos um n\u00famero ainda maior de fechamento de empresas, que receberam recursos do governo para conceder cr\u00e9dito a estas empresas, mas se esconderam com medo do calote. Foi o BB quem, mais uma vez, fez este servi\u00e7o\u201d, disse, ao lembrar dos dados apresentados pela economista do Dieese, que apontam que o BB foi o respons\u00e1vel por 25,6% do cr\u00e9dito \u00e0s MPEs em 2020.<\/p>\n<h3>Mais debate<\/h3>\n<p>A semana de an\u00e1lise cr\u00edtica sobre os bancos p\u00fablicos ser\u00e1 encerrada nesta sexta-feira (16), a partir das 19h, com um debate, que ser\u00e1 transmitido ao vivo, sobre a autonomia do Banco Central, com a participa\u00e7\u00e3o do deputado federal Pedro Uczai (PT\/SC), da presidenta da Contraf-CUT, Juvandia Moreira, do presidente da Fenae, Sergio Takemoto, e do Economista Sergio Mendon\u00e7a.<\/p>\n<p><strong>Fonte: Contraf-CUT<\/strong><\/p>\n","protected":false},"excerpt":{"rendered":"<p>O terceiro dia de an\u00e1lise dos balan\u00e7os dos bancos p\u00fablicos, para destacar sua viabilidade comercial e sua import\u00e2ncia social, destacou os resultados do Banco do Brasil e os ataques que o mesmo vem sofrendo nos \u00faltimos anos e os preju\u00edzos que isso pode causar para o pa\u00eds. O mediador do debate, Jos\u00e9 Ricardo Sasseron, explicou [&hellip;]<\/p>\n","protected":false},"author":2,"featured_media":10783,"comment_status":"","ping_status":"","sticky":false,"template":"","format":"standard","meta":{"footnotes":""},"categories":[3],"tags":[],"class_list":["post-10784","post","type-post","status-publish","format-standard","has-post-thumbnail","hentry","category-noticias"],"_links":{"self":[{"href":"https:\/\/hostnetart.com.br\/baixada\/wp-json\/wp\/v2\/posts\/10784","targetHints":{"allow":["GET"]}}],"collection":[{"href":"https:\/\/hostnetart.com.br\/baixada\/wp-json\/wp\/v2\/posts"}],"about":[{"href":"https:\/\/hostnetart.com.br\/baixada\/wp-json\/wp\/v2\/types\/post"}],"author":[{"embeddable":true,"href":"https:\/\/hostnetart.com.br\/baixada\/wp-json\/wp\/v2\/users\/2"}],"replies":[{"embeddable":true,"href":"https:\/\/hostnetart.com.br\/baixada\/wp-json\/wp\/v2\/comments?post=10784"}],"version-history":[{"count":0,"href":"https:\/\/hostnetart.com.br\/baixada\/wp-json\/wp\/v2\/posts\/10784\/revisions"}],"wp:featuredmedia":[{"embeddable":true,"href":"https:\/\/hostnetart.com.br\/baixada\/wp-json\/wp\/v2\/media\/10783"}],"wp:attachment":[{"href":"https:\/\/hostnetart.com.br\/baixada\/wp-json\/wp\/v2\/media?parent=10784"}],"wp:term":[{"taxonomy":"category","embeddable":true,"href":"https:\/\/hostnetart.com.br\/baixada\/wp-json\/wp\/v2\/categories?post=10784"},{"taxonomy":"post_tag","embeddable":true,"href":"https:\/\/hostnetart.com.br\/baixada\/wp-json\/wp\/v2\/tags?post=10784"}],"curies":[{"name":"wp","href":"https:\/\/api.w.org\/{rel}","templated":true}]}}