{"id":10782,"date":"2021-04-16T03:12:26","date_gmt":"2021-04-16T06:12:26","guid":{"rendered":"https:\/\/hostnetart.com.br\/baixada\/contraf-cut-cobra-da-caixa-minuta-do-act-de-teletrabalho-e-banco-de-horas\/"},"modified":"2021-04-16T03:12:26","modified_gmt":"2021-04-16T06:12:26","slug":"contraf-cut-cobra-da-caixa-minuta-do-act-de-teletrabalho-e-banco-de-horas","status":"publish","type":"post","link":"https:\/\/hostnetart.com.br\/baixada\/contraf-cut-cobra-da-caixa-minuta-do-act-de-teletrabalho-e-banco-de-horas\/","title":{"rendered":"Contraf-CUT cobra da Caixa minuta do ACT de \u201cTeletrabalho\u201d e \u201cBanco de Horas\u201d"},"content":{"rendered":"<p>A Confedera\u00e7\u00e3o Nacional dos Trabalhadores do Ramo Financeiro (Contraf-CUT) enviou um of\u00edcio para a Caixa solicitando o envio de minuta de acordo coletivo de trabalho referente \u00e0 modalidade \u201cTeletrabalho\u201d e \u201cBanco de Horas\u201d para continuar as negocia\u00e7\u00f5es coletivas sobre o assunto. O documento refor\u00e7a o retorno das demandas feitas durante a\u00a0<a href=\"https:\/\/contrafcut.com.br\/noticias\/cee-caixa-cobra-melhores-condicoes-de-trabalho-e-seguranca-aos-empregados-na-pandemia\/?swcfpc=1\" target=\"_blank\" rel=\"noopener noreferrer\">\u00faltima mesa de negocia\u00e7\u00e3o, realizada no dia 16 de mar\u00e7o<\/a>.<\/p>\n<p>\u201cEsses assuntos s\u00e3o de interesse de todos os empregados, pois fazem parte do dia a dia e tem reflexos. A mesa de negocia\u00e7\u00e3o permanente \u00e9 conquista dos trabalhadores e o que \u00e9 debatido e fica pendente precisa ter retorno\u201d, explicou a secret\u00e1ria da Cultura da Contraf-CUT e coordenadora da Comiss\u00e3o Executiva dos Empregados (CEE) da Caixa, Fabiana Uehara Proscholdt.<\/p>\n<p>O documento cobra ainda um posicionamento sobre outros temas listados debatidos na mesma reuni\u00e3o, que n\u00e3o tiveram retorno, como reestrutura\u00e7\u00e3o; N\u00e3o exposi\u00e7\u00e3o de \u201cNome e Sobrenome\u201d de empregados em mensagens de \u201cSMS\u201d de avalia\u00e7\u00e3o de atendimento; Inibir que empregados atuem nas \u00e1reas externas \u00e0 ag\u00eancia (ap\u00f3s a porta girat\u00f3ria); Debate CR444 (PQV); Transmiss\u00e3o de \u201cLives\u201d durante hor\u00e1rio de atendimento; PSIs (transpar\u00eancia); e fim dos objetivos SMART da VIRED.<\/p>\n<p>\u201cEnquanto representantes da categoria, precisamos ter respostas da Caixa para as reinvindica\u00e7\u00f5es dos empregados. Os assuntos v\u00e3o se acumulando sem o devido retorno por parte da empresa, mas n\u00e3o pode ser assim. Todos os temas s\u00e3o relevantes e merecem aten\u00e7\u00e3o e respeito. Por isso, reiteramos a cobran\u00e7a e tiramos um calend\u00e1rio de luta para as pr\u00f3ximas semanas\u201d, afirmou Tatiana Oliveira, presidenta do Sindicato dos Banc\u00e1rios do Par\u00e1 e integrante da CEE\/ Caixa.<\/p>\n<p>Foi reivindicada ainda a apresenta\u00e7\u00e3o de todos os protocolos espec\u00edficos vigentes no combate da prolifera\u00e7\u00e3o do novo coronav\u00edrus (Covid-19),\u00a0<a href=\"https:\/\/contrafcut.com.br\/noticias\/fenaban-apresentara-proposta-de-protocolo-minimo-de-seguranca-contra-a-pandemia\/?swcfpc=1\" target=\"_blank\" rel=\"noopener noreferrer\">assim como as pautas j\u00e1 apresentadas \u00e0 Federa\u00e7\u00e3o Nacional dos Bancos (Fenaban), no dia 12 de abril<\/a>.<\/p>\n<p><strong>Fonte: Contraf-CUT<\/strong><\/p>\n","protected":false},"excerpt":{"rendered":"<p>A Confedera\u00e7\u00e3o Nacional dos Trabalhadores do Ramo Financeiro (Contraf-CUT) enviou um of\u00edcio para a Caixa solicitando o envio de minuta de acordo coletivo de trabalho referente \u00e0 modalidade \u201cTeletrabalho\u201d e \u201cBanco de Horas\u201d para continuar as negocia\u00e7\u00f5es coletivas sobre o assunto. O documento refor\u00e7a o retorno das demandas feitas durante a\u00a0\u00faltima mesa de negocia\u00e7\u00e3o, realizada [&hellip;]<\/p>\n","protected":false},"author":2,"featured_media":10781,"comment_status":"","ping_status":"","sticky":false,"template":"","format":"standard","meta":{"footnotes":""},"categories":[3],"tags":[],"class_list":["post-10782","post","type-post","status-publish","format-standard","has-post-thumbnail","hentry","category-noticias"],"_links":{"self":[{"href":"https:\/\/hostnetart.com.br\/baixada\/wp-json\/wp\/v2\/posts\/10782","targetHints":{"allow":["GET"]}}],"collection":[{"href":"https:\/\/hostnetart.com.br\/baixada\/wp-json\/wp\/v2\/posts"}],"about":[{"href":"https:\/\/hostnetart.com.br\/baixada\/wp-json\/wp\/v2\/types\/post"}],"author":[{"embeddable":true,"href":"https:\/\/hostnetart.com.br\/baixada\/wp-json\/wp\/v2\/users\/2"}],"replies":[{"embeddable":true,"href":"https:\/\/hostnetart.com.br\/baixada\/wp-json\/wp\/v2\/comments?post=10782"}],"version-history":[{"count":0,"href":"https:\/\/hostnetart.com.br\/baixada\/wp-json\/wp\/v2\/posts\/10782\/revisions"}],"wp:featuredmedia":[{"embeddable":true,"href":"https:\/\/hostnetart.com.br\/baixada\/wp-json\/wp\/v2\/media\/10781"}],"wp:attachment":[{"href":"https:\/\/hostnetart.com.br\/baixada\/wp-json\/wp\/v2\/media?parent=10782"}],"wp:term":[{"taxonomy":"category","embeddable":true,"href":"https:\/\/hostnetart.com.br\/baixada\/wp-json\/wp\/v2\/categories?post=10782"},{"taxonomy":"post_tag","embeddable":true,"href":"https:\/\/hostnetart.com.br\/baixada\/wp-json\/wp\/v2\/tags?post=10782"}],"curies":[{"name":"wp","href":"https:\/\/api.w.org\/{rel}","templated":true}]}}