{"id":10780,"date":"2021-04-16T03:11:01","date_gmt":"2021-04-16T06:11:01","guid":{"rendered":"https:\/\/hostnetart.com.br\/baixada\/coe-itau-debate-emprego-e-gera-com-o-banco-nesta-sexta-16\/"},"modified":"2021-04-16T03:11:01","modified_gmt":"2021-04-16T06:11:01","slug":"coe-itau-debate-emprego-e-gera-com-o-banco-nesta-sexta-16","status":"publish","type":"post","link":"https:\/\/hostnetart.com.br\/baixada\/coe-itau-debate-emprego-e-gera-com-o-banco-nesta-sexta-16\/","title":{"rendered":"COE Ita\u00fa debate emprego e GERA com o banco nesta sexta (16)"},"content":{"rendered":"<p>A Comiss\u00e3o de Organiza\u00e7\u00e3o dos Empregados (COE) do Ita\u00fa se re\u00fane com a dire\u00e7\u00e3o do banco, na tarde desta sexta-feira (16), para continuar os debates sobre o GERA, programa de remunera\u00e7\u00e3o vari\u00e1vel do banco que substitui o Agir, e garantias de emprego.<\/p>\n<p>Durante o encontro, que ser\u00e1 realizado por videoconfer\u00eancia, o Ita\u00fa deve apresentar o fluxo do acordo de Banco de Horas Negativas e o n\u00edvel de emprego em 2020 e no primeiro trimestre de 2021.<\/p>\n<p>\u201cN\u00f3s queremos avan\u00e7ar nesse assunto que j\u00e1 dura alguns encontros e s\u00e3o de suma import\u00e2ncia para o dia a dia dos Trabalhadores\u201d, afirmou Jair Alves, coordenador da COE Ita\u00fa.<\/p>\n<p><strong>Fonte: Contraf-CUT<\/strong><\/p>\n","protected":false},"excerpt":{"rendered":"<p>A Comiss\u00e3o de Organiza\u00e7\u00e3o dos Empregados (COE) do Ita\u00fa se re\u00fane com a dire\u00e7\u00e3o do banco, na tarde desta sexta-feira (16), para continuar os debates sobre o GERA, programa de remunera\u00e7\u00e3o vari\u00e1vel do banco que substitui o Agir, e garantias de emprego. Durante o encontro, que ser\u00e1 realizado por videoconfer\u00eancia, o Ita\u00fa deve apresentar o [&hellip;]<\/p>\n","protected":false},"author":2,"featured_media":10779,"comment_status":"","ping_status":"","sticky":false,"template":"","format":"standard","meta":{"footnotes":""},"categories":[3],"tags":[],"class_list":["post-10780","post","type-post","status-publish","format-standard","has-post-thumbnail","hentry","category-noticias"],"_links":{"self":[{"href":"https:\/\/hostnetart.com.br\/baixada\/wp-json\/wp\/v2\/posts\/10780","targetHints":{"allow":["GET"]}}],"collection":[{"href":"https:\/\/hostnetart.com.br\/baixada\/wp-json\/wp\/v2\/posts"}],"about":[{"href":"https:\/\/hostnetart.com.br\/baixada\/wp-json\/wp\/v2\/types\/post"}],"author":[{"embeddable":true,"href":"https:\/\/hostnetart.com.br\/baixada\/wp-json\/wp\/v2\/users\/2"}],"replies":[{"embeddable":true,"href":"https:\/\/hostnetart.com.br\/baixada\/wp-json\/wp\/v2\/comments?post=10780"}],"version-history":[{"count":0,"href":"https:\/\/hostnetart.com.br\/baixada\/wp-json\/wp\/v2\/posts\/10780\/revisions"}],"wp:featuredmedia":[{"embeddable":true,"href":"https:\/\/hostnetart.com.br\/baixada\/wp-json\/wp\/v2\/media\/10779"}],"wp:attachment":[{"href":"https:\/\/hostnetart.com.br\/baixada\/wp-json\/wp\/v2\/media?parent=10780"}],"wp:term":[{"taxonomy":"category","embeddable":true,"href":"https:\/\/hostnetart.com.br\/baixada\/wp-json\/wp\/v2\/categories?post=10780"},{"taxonomy":"post_tag","embeddable":true,"href":"https:\/\/hostnetart.com.br\/baixada\/wp-json\/wp\/v2\/tags?post=10780"}],"curies":[{"name":"wp","href":"https:\/\/api.w.org\/{rel}","templated":true}]}}