{"id":10776,"date":"2021-04-15T17:16:47","date_gmt":"2021-04-15T20:16:47","guid":{"rendered":"https:\/\/hostnetart.com.br\/baixada\/contra-venda-fatiada-e-demissoes-funcionarios-da-caixa-nao-descartam-paralisacao\/"},"modified":"2021-04-15T17:16:47","modified_gmt":"2021-04-15T20:16:47","slug":"contra-venda-fatiada-e-demissoes-funcionarios-da-caixa-nao-descartam-paralisacao","status":"publish","type":"post","link":"https:\/\/hostnetart.com.br\/baixada\/contra-venda-fatiada-e-demissoes-funcionarios-da-caixa-nao-descartam-paralisacao\/","title":{"rendered":"Contra venda fatiada e demiss\u00f5es, funcion\u00e1rios da Caixa n\u00e3o descartam paralisa\u00e7\u00e3o"},"content":{"rendered":"<p>Em meio \u00e0 pandemia, os empregados da Caixa Econ\u00f4mica Federal (CEF) est\u00e3o se desdobrando para atender os milh\u00f5es de brasileiros que necessitam do aux\u00edlio emergencial, ao mesmo tempo em que s\u00e3o coagidos a cumprirem metas relativas \u00e0 venda de a\u00e7\u00f5es da Caixa Seguridade. Com \u201crequintes de crueldade\u201d, os pr\u00f3prios trabalhadores t\u00eam sido pressionados a adquirirem essas a\u00e7\u00f5es, for\u00e7ados, assim, a se tornarem \u201cc\u00famplices\u201d do processo de privatiza\u00e7\u00e3o em curso, com a venda fatiada dos ativos mais lucrativos.<\/p>\n<p>Al\u00e9m disso, eles denunciam a precariza\u00e7\u00e3o do atendimento \u00e0 popula\u00e7\u00e3o em fun\u00e7\u00e3o da perda de funcion\u00e1rios. Nos \u00faltimos anos, cerca de 20 mil trabalhadores foram demitidos sem que houvesse a devida reposi\u00e7\u00e3o.<\/p>\n<p>Diante desse quadro de\u00a0<a href=\"https:\/\/www.redebrasilatual.com.br\/economia\/2020\/08\/bolsonaro-privatizar-a-caixa-bancarios-oposicao-reagem\/\">amea\u00e7a de privatiza\u00e7\u00e3o<\/a>\u00a0e ataques a direitos, os trabalhadores da Caixa preparam mobiliza\u00e7\u00f5es. Na semana que vem, eles se re\u00fanem em plen\u00e1rias e assembleias por todo o pa\u00eds. E n\u00e3o descartam eventual paralisa\u00e7\u00e3o.<\/p>\n<p>O coordenador da Comiss\u00e3o Executiva dos Empregados (CEE) e da Federa\u00e7\u00e3o das Associa\u00e7\u00f5es de Pessoal dos Empregados (Fenae) da Caixa, Dion\u00edsio Reis, destaca que a covid-19 j\u00e1 vitimou ao menos 45 colegas em todo o pa\u00eds. Por outro lado, em vez de valorizar os trabalhadores que est\u00e3o na linha de frente, a dire\u00e7\u00e3o do banco cortou parte da participa\u00e7\u00e3o nos lucros ou resultados (PLR).<\/p>\n<p>\u201cA nossa orienta\u00e7\u00e3o \u00e9 para que n\u00e3o comprem e tamb\u00e9m n\u00e3o vendam essas a\u00e7\u00f5es. Querem colocar como se os empregados tivessem concordado com a privatiza\u00e7\u00e3o\u201d, afirmou Dion\u00edsio, em entrevista a Marilu Caba\u00f1as, no\u00a0<em><a href=\"https:\/\/www.youtube.com\/watch?v=BSH8nFrTRYs\">Jornal Brasil Atual<\/a><\/em>\u00a0desta quinta-feira (15).<\/p>\n<h2><span style=\"text-decoration: underline;\">Descapitaliza\u00e7\u00e3o<\/span><\/h2>\n<p>De acordo com Dion\u00edsio, desde o golpe do impeachment de 2016, a Caixa, o Banco do Brasil e o BNDES v\u00eam passando por um processo de \u201cdescapitaliza\u00e7\u00e3o\u201d. A consequ\u00eancia \u00e9 a redu\u00e7\u00e3o da oferta de cr\u00e9dito barato para a popula\u00e7\u00e3o. Os juros praticados pelos bancos p\u00fablicos tamb\u00e9m subiram, de forma a atender aos interesses do setor financeiro privado.<\/p>\n<p>Ele destaca que os bancos p\u00fablicos chegaram a ser respons\u00e1veis por 56% da oferta de cr\u00e9dito no pa\u00eds. A \u201cdescapitaliza\u00e7\u00e3o\u201d, segundo ele, tem afetado programas de acesso a cr\u00e9dito para o setor imobili\u00e1rio e a agricultura familiar, por exemplo. Como resultado, os pre\u00e7os dos alimentos ficam mais elevados, os empregos diminuem e a popula\u00e7\u00e3o v\u00ea mais distante o sonho da casa pr\u00f3pria. \u201c\u00c9 bom lembrar que desde 2018 a Caixa n\u00e3o realiza mais o Feir\u00e3o da Casa Pr\u00f3pria, que movimentava o setor imobili\u00e1rio.\u201d<\/p>\n<h3>Entrega fatiada<\/h3>\n<p>Depois da abertura de capitais da Caixa Seguridade, a dire\u00e7\u00e3o do banco planeja fazer o mesmo com outra \u00e1reas\u00a0<a href=\"https:\/\/www.redebrasilatual.com.br\/economia\/2020\/08\/mp-995-venda-caixa\/\">mais rent\u00e1veis e estrat\u00e9gicas<\/a>. No plano de privatiza\u00e7\u00e3o do ministro da Economia, Paulo Guedes, a Caixa tamb\u00e9m corre o risco de deixar de ser 100% p\u00fablica, tornando-se uma empresa de economia mista, com a\u00e7\u00f5es negociadas na bolsa.<\/p>\n<p>Nesse modelo, uma das consequ\u00eancias seria o enxugamento do n\u00famero de ag\u00eancias. Pequenos munic\u00edpios e periferias das grandes cidades seriam os alvos principais desses fechamentos.<\/p>\n<p>\u201cO projeto \u00e9 vender as partes mais lucrativas, formar uma S\/A e passar todas as opera\u00e7\u00f5es para esse novo banco. A popula\u00e7\u00e3o e os pequenos empres\u00e1rios est\u00e3o sentindo o impacto dos altos pre\u00e7os dos alimentos, que tamb\u00e9m decorrem do cr\u00e9dito mais caro. Esse impacto se d\u00e1 por conta da carteliza\u00e7\u00e3o e isso est\u00e1 se agudizando. Temos um sistema financeiro muito concentrado. E os bancos p\u00fablicos n\u00e3o t\u00eam mais a oportunidade de ofertarem cr\u00e9dito mais barato\u201d, alertou Dion\u00edsio.<\/p>\n<p><strong>Fonte: Rede Brasil Atual<\/strong><\/p>\n","protected":false},"excerpt":{"rendered":"<p>Em meio \u00e0 pandemia, os empregados da Caixa Econ\u00f4mica Federal (CEF) est\u00e3o se desdobrando para atender os milh\u00f5es de brasileiros que necessitam do aux\u00edlio emergencial, ao mesmo tempo em que s\u00e3o coagidos a cumprirem metas relativas \u00e0 venda de a\u00e7\u00f5es da Caixa Seguridade. Com \u201crequintes de crueldade\u201d, os pr\u00f3prios trabalhadores t\u00eam sido pressionados a adquirirem [&hellip;]<\/p>\n","protected":false},"author":2,"featured_media":10775,"comment_status":"","ping_status":"","sticky":false,"template":"","format":"standard","meta":{"footnotes":""},"categories":[3],"tags":[],"class_list":["post-10776","post","type-post","status-publish","format-standard","has-post-thumbnail","hentry","category-noticias"],"_links":{"self":[{"href":"https:\/\/hostnetart.com.br\/baixada\/wp-json\/wp\/v2\/posts\/10776","targetHints":{"allow":["GET"]}}],"collection":[{"href":"https:\/\/hostnetart.com.br\/baixada\/wp-json\/wp\/v2\/posts"}],"about":[{"href":"https:\/\/hostnetart.com.br\/baixada\/wp-json\/wp\/v2\/types\/post"}],"author":[{"embeddable":true,"href":"https:\/\/hostnetart.com.br\/baixada\/wp-json\/wp\/v2\/users\/2"}],"replies":[{"embeddable":true,"href":"https:\/\/hostnetart.com.br\/baixada\/wp-json\/wp\/v2\/comments?post=10776"}],"version-history":[{"count":0,"href":"https:\/\/hostnetart.com.br\/baixada\/wp-json\/wp\/v2\/posts\/10776\/revisions"}],"wp:featuredmedia":[{"embeddable":true,"href":"https:\/\/hostnetart.com.br\/baixada\/wp-json\/wp\/v2\/media\/10775"}],"wp:attachment":[{"href":"https:\/\/hostnetart.com.br\/baixada\/wp-json\/wp\/v2\/media?parent=10776"}],"wp:term":[{"taxonomy":"category","embeddable":true,"href":"https:\/\/hostnetart.com.br\/baixada\/wp-json\/wp\/v2\/categories?post=10776"},{"taxonomy":"post_tag","embeddable":true,"href":"https:\/\/hostnetart.com.br\/baixada\/wp-json\/wp\/v2\/tags?post=10776"}],"curies":[{"name":"wp","href":"https:\/\/api.w.org\/{rel}","templated":true}]}}