{"id":10774,"date":"2021-04-15T03:56:56","date_gmt":"2021-04-15T06:56:56","guid":{"rendered":"https:\/\/hostnetart.com.br\/baixada\/analise-do-balanco-do-bb-estara-em-pauta-nesta-quinta-feira-15\/"},"modified":"2021-04-15T03:56:56","modified_gmt":"2021-04-15T06:56:56","slug":"analise-do-balanco-do-bb-estara-em-pauta-nesta-quinta-feira-15","status":"publish","type":"post","link":"https:\/\/hostnetart.com.br\/baixada\/analise-do-balanco-do-bb-estara-em-pauta-nesta-quinta-feira-15\/","title":{"rendered":"An\u00e1lise do balan\u00e7o do BB estar\u00e1 em pauta nesta quinta-feira (15)"},"content":{"rendered":"<p>Com a colabora\u00e7\u00e3o do Departamento Intersindical de Estat\u00edstica e Estudos Sociais (Dieese) e das comiss\u00f5es de funcion\u00e1rios e de defesa do Banco da Amaz\u00f4nia e do Banco do Nordeste do Brasil, respectivamente, a Confedera\u00e7\u00e3o Nacional dos Trabalhadores do Ramo Financeiro (Contraf-CUT) e a Federa\u00e7\u00e3o Nacional das Associa\u00e7\u00f5es do Pessoal da Caixa Econ\u00f4mica Federal (Fenae) apresentaram na ter\u00e7a (13) os resultados dos balan\u00e7os de ambos os bancos e ressaltaram a diverg\u00eancia de opini\u00e3o dos trabalhadores em rela\u00e7\u00e3o ao que \u00e9 passado pelo governo e reproduzido pela imprensa sobre esses resultados. Nesta quarta-feira (14) foi a vez de destacar os resultados da Caixa Econ\u00f4mica Federal.<\/p>\n<p>\u201cTanto na atividade de ontem (ter\u00e7a-feira), quanto na de hoje (quarta-feira) ocorreram debates com elevada qualidade, tanto t\u00e9cnica quanto pol\u00edtica. Quem \u00e9 da categoria sabe, e quem \u00e9 de fora p\u00f4de ver que os bancos p\u00fablicos merecem ser vistos por uma \u00f3tica diferente da que \u00e9 mostrada por quem defende a privatiza\u00e7\u00e3o, que, normalmente, \u00e9 reproduzida pela m\u00eddia\u201d, afirmou o secret\u00e1rio de Rela\u00e7\u00e3o Internacionais da Contraf-CUT, Roberto von der Osten, que representa a entidade na equipe de organiza\u00e7\u00e3o.<\/p>\n<h3>Banco do Brasil<\/h3>\n<p>Nesta quinta-feira (15), a partir das 19h, estar\u00e1 em pauta os resultados apresentados pelo Banco do Brasil. A atividade tem o objetivo de informar e instrumentalizar os dirigentes sindicais na defesa dos bancos p\u00fablicos, mas \u00e9 aberta a todos que queiram conhecer o ponto de vista dos banc\u00e1rios sobre o balan\u00e7o do Banco do Brasil.<\/p>\n<p>\u201cQueremos mostrar, para todos que tenham interesse, que o Banco do Brasil e os demais bancos p\u00fablicos s\u00e3o rent\u00e1veis e extremamente competitivos, al\u00e9m de desempenharem papel fundamental para o desenvolvimento social e econ\u00f4mico do pa\u00eds\u201d, afirmou O coordenador da Comiss\u00e3o de Empresa dos Funcion\u00e1rios do Banco do Brasil (CEBB), Jo\u00e3o Fukunaga, que, juntamente com a Conselheira de Administra\u00e7\u00e3o do Banco do Brasil eleita pelos funcion\u00e1rios, D\u00e9bora Fonseca, far\u00e3o as pondera\u00e7\u00f5es do ponto de vista dos trabalhadores.<\/p>\n<p>Antes deles, a economista N\u00e1dia Vieira de Sousa, do Dieese, ser\u00e1 a respons\u00e1vel pela apresenta\u00e7\u00e3o e an\u00e1lise t\u00e9cnica do balan\u00e7o.<\/p>\n<p>O debate ser\u00e1 mediado por Jos\u00e9 Ricardo Sasseron, banc\u00e1rio aposentado do BB. Sasseron foi conselheiro fiscal e deliberativo, al\u00e9m de diretor de seguridade, da Previ. Tamb\u00e9m foi presidente da Associa\u00e7\u00e3o Nacional dos Participantes de Fundos de Pens\u00e3o e dos Benefici\u00e1rios de Sa\u00fade Suplementar de Autogest\u00e3o e representante dos trabalhadores no Conselho Nacional de Previd\u00eancia Complementar.<\/p>\n<p>O evento n\u00e3o ser\u00e1 retransmiss\u00e3o ao vivo pelas redes sociais, mas a participa\u00e7\u00e3o \u00e9 aberta a todos os interessados por meio do link dispon\u00edvel na programa\u00e7\u00e3o abaixo.<\/p>\n<p>A semana de debates sobre os bancos p\u00fablicos ser\u00e1 encerrada na sexta-feira (16), com o debate transmitido ao vivo sobre a autonomia do Banco Central e a revis\u00e3o da Lei do Sistema Financeiro Nacional.<\/p>\n<h3>Veja abaixo a programa\u00e7\u00e3o:<\/h3>\n<p><strong>Dia 15 de abril, quinta-feira, \u00e0s 19 horas<br \/><\/strong>An\u00e1lise do Balan\u00e7o do Banco do Brasil<br \/>Link de acesso\u00a0<a href=\"https:\/\/zoom.us\/j\/94124548557\" target=\"_blank\" rel=\"noopener noreferrer\">https:\/\/zoom.us\/j\/94124548557<\/a>\u00a0ID da reuni\u00e3o: 941 2454 8557<\/p>\n<p>Apresenta\u00e7\u00e3o do Balan\u00e7o:<br \/>N\u00e1dia Vieira de Souza \u2013 Economista e t\u00e9cnica do Dieese<\/p>\n<p>Mediador:<br \/>Jos\u00e9 Ricardo Sasseron \u2013 Banc\u00e1rio aposentado do BB. Foi conselheiro fiscal, conselheiro deliberativo e diretor de seguridade da Previ, eleito pelos participantes. Foi presidente da Anapar \u2013 Associa\u00e7\u00e3o Nacional dos Participantes de Fundos de Pens\u00e3o e dos Benefici\u00e1rios de Sa\u00fade Suplementar de Autogest\u00e3o e representante dos trabalhadores no Conselho Nacional de Previd\u00eancia Complementar.<\/p>\n<p>Participa\u00e7\u00e3o:<br \/>Jo\u00e3o Luiz Fukunaga \u2013 Coordenador da Comiss\u00e3o de Empregados do Banco do Brasil e Secret\u00e1rio de Organiza\u00e7\u00e3o e Suporte Administrativo do Sindicato dos Banc\u00e1rios de S\u00e3o Paulo<br \/>Debora Fonseca \u2013 Conselheira de Administra\u00e7\u00e3o do Banco do Brasil eleita pelos trabalhadores.<\/p>\n<p><strong>Dia 16 de abril, sexta-feira, \u00e0s 19 horas<br \/><\/strong>Debate sobre a autonomia do Banco Central<br \/>Youtube e Facebook da Fenae<\/p>\n<p>Mediadora:<br \/>Lis Jannuzzi Weingartner \u2013 Jornalista da Fenae<\/p>\n<p>Convidados:<br \/>Pedro Uczai \u2013 Deputado Federal PT SC<br \/>Juvandia Moreira Leite \u2013 Presidenta da Contraf-CUT<br \/>Sergio Hiroshi Takemoto \u2013 Presidente da Fenae<br \/>Sergio Mendon\u00e7a \u2013 Economista e diretor do Reconta A\u00ed<\/p>\n<p><span style=\"text-decoration: underline;\"><strong>Fonte: Contraf-CUT<\/strong><\/span><\/p>\n","protected":false},"excerpt":{"rendered":"<p>Com a colabora\u00e7\u00e3o do Departamento Intersindical de Estat\u00edstica e Estudos Sociais (Dieese) e das comiss\u00f5es de funcion\u00e1rios e de defesa do Banco da Amaz\u00f4nia e do Banco do Nordeste do Brasil, respectivamente, a Confedera\u00e7\u00e3o Nacional dos Trabalhadores do Ramo Financeiro (Contraf-CUT) e a Federa\u00e7\u00e3o Nacional das Associa\u00e7\u00f5es do Pessoal da Caixa Econ\u00f4mica Federal (Fenae) apresentaram [&hellip;]<\/p>\n","protected":false},"author":2,"featured_media":10773,"comment_status":"","ping_status":"","sticky":false,"template":"","format":"standard","meta":{"footnotes":""},"categories":[3],"tags":[],"class_list":["post-10774","post","type-post","status-publish","format-standard","has-post-thumbnail","hentry","category-noticias"],"_links":{"self":[{"href":"https:\/\/hostnetart.com.br\/baixada\/wp-json\/wp\/v2\/posts\/10774","targetHints":{"allow":["GET"]}}],"collection":[{"href":"https:\/\/hostnetart.com.br\/baixada\/wp-json\/wp\/v2\/posts"}],"about":[{"href":"https:\/\/hostnetart.com.br\/baixada\/wp-json\/wp\/v2\/types\/post"}],"author":[{"embeddable":true,"href":"https:\/\/hostnetart.com.br\/baixada\/wp-json\/wp\/v2\/users\/2"}],"replies":[{"embeddable":true,"href":"https:\/\/hostnetart.com.br\/baixada\/wp-json\/wp\/v2\/comments?post=10774"}],"version-history":[{"count":0,"href":"https:\/\/hostnetart.com.br\/baixada\/wp-json\/wp\/v2\/posts\/10774\/revisions"}],"wp:featuredmedia":[{"embeddable":true,"href":"https:\/\/hostnetart.com.br\/baixada\/wp-json\/wp\/v2\/media\/10773"}],"wp:attachment":[{"href":"https:\/\/hostnetart.com.br\/baixada\/wp-json\/wp\/v2\/media?parent=10774"}],"wp:term":[{"taxonomy":"category","embeddable":true,"href":"https:\/\/hostnetart.com.br\/baixada\/wp-json\/wp\/v2\/categories?post=10774"},{"taxonomy":"post_tag","embeddable":true,"href":"https:\/\/hostnetart.com.br\/baixada\/wp-json\/wp\/v2\/tags?post=10774"}],"curies":[{"name":"wp","href":"https:\/\/api.w.org\/{rel}","templated":true}]}}