{"id":10772,"date":"2021-04-15T03:54:26","date_gmt":"2021-04-15T06:54:26","guid":{"rendered":"https:\/\/hostnetart.com.br\/baixada\/caixa-responde-oficio-da-contraf-cut-mas-nao-informa-sobre-vacina-contra-h1n1\/"},"modified":"2021-04-15T03:54:26","modified_gmt":"2021-04-15T06:54:26","slug":"caixa-responde-oficio-da-contraf-cut-mas-nao-informa-sobre-vacina-contra-h1n1","status":"publish","type":"post","link":"https:\/\/hostnetart.com.br\/baixada\/caixa-responde-oficio-da-contraf-cut-mas-nao-informa-sobre-vacina-contra-h1n1\/","title":{"rendered":"Caixa responde of\u00edcio da Contraf-CUT, mas n\u00e3o informa sobre vacina contra H1N1"},"content":{"rendered":"<p>A Caixa Econ\u00f4mica Federal respondeu, na noite de ter\u00e7a-feira (13),\u00a0<a href=\"https:\/\/contrafcut.com.br\/noticias\/cee-cobra-da-caixa-o-cronograma-de-vacinacao-contra-h1n1\/?swcfpc=1\" target=\"_blank\" rel=\"noopener noreferrer\">of\u00edcio enviado pela Confedera\u00e7\u00e3o Nacional dos Trabalhadores do Ramo Financeiro (Contraf-CUT), na semana passada<\/a>, que cobrava informa\u00e7\u00f5es sobre o cronograma da campanha anual de vacina\u00e7\u00e3o contra H1N1.<\/p>\n<p>No texto, a Caixa disse que o processo de aquisi\u00e7\u00e3o das vacinas da gripe deve ocorrer por meio de certame licitat\u00f3rio, em conformidade com a legisla\u00e7\u00e3o vigente. \u201cRessaltamos que apesar da tentativa da CAIXA para usar o modelo de credenciamento, o Minist\u00e9rio P\u00fablico manifestou-se contr\u00e1rio, exigindo licita\u00e7\u00e3o, que j\u00e1 se encontra em andamento e faz-se necess\u00e1rio aguardar a conclus\u00e3o das etapas previstas. Estamos envidando esfor\u00e7os no acompanhamento das etapas e, t\u00e3o logo seja conclu\u00eddo, os empregados ser\u00e3o devidamente comunicados e direcionados aos locais habilitados.\u201d<\/p>\n<p>Para Fabiana Uehara Proscholdt, secret\u00e1ria da Cultura da Contraf-CUT e coordenadora da Comiss\u00e3o Executiva dos Empregados da Caixa (CEE\/ Caixa), \u201cA Caixa respondeu o of\u00edcio encaminhado pela Contraf-CUT, mas \u2013 ao mesmo tempo \u2013 n\u00e3o respondeu, pois n\u00e3o deu prazo de quando isso ocorrer\u00e1. Responder que \u2018deve ocorrer por meio de certame licitat\u00f3rio, em conformidade com a legisla\u00e7\u00e3o vigente\u2019 n\u00e3o confirma nem que isso j\u00e1 est\u00e1 acontecendo, o que \u00e9 preocupante. \u00c9 urgente que a vacina\u00e7\u00e3o contra a gripe ocorra, pois \u00e9 uma medida para proteger os empregados e que tamb\u00e9m contribuir\u00e1 para desafogar a rede de sa\u00fade, que j\u00e1 est\u00e1 bem comprometida pela situa\u00e7\u00e3o da pandemia.\u201d<\/p>\n<p>Lizandre Borges, diretora do Sindicato dos Banc\u00e1rios do Esp\u00edrito Santo, completa. \u201cDiante da emerg\u00eancia que estamos vivendo com a pandemia, \u00e9 necess\u00e1rio que este processo licitat\u00f3rio seja mais \u00e1gil por parte da Caixa e contemple todos os estados da federa\u00e7\u00e3o, o que n\u00e3o ocorreu na \u00faltima campanha, prejudicando e impedindo dezenas de empregados a se imunizarem contra a H1N1\u201d, lembrou.<\/p>\n<p>A CEE\/ Caixa ir\u00e1 continuar cobrando do banco at\u00e9 que as vacinas sejam aplicadas em todos os empregados do banco p\u00fablico.<\/p>\n<p><strong>Fonte: Contraf-CUT<\/strong><\/p>\n","protected":false},"excerpt":{"rendered":"<p>A Caixa Econ\u00f4mica Federal respondeu, na noite de ter\u00e7a-feira (13),\u00a0of\u00edcio enviado pela Confedera\u00e7\u00e3o Nacional dos Trabalhadores do Ramo Financeiro (Contraf-CUT), na semana passada, que cobrava informa\u00e7\u00f5es sobre o cronograma da campanha anual de vacina\u00e7\u00e3o contra H1N1. No texto, a Caixa disse que o processo de aquisi\u00e7\u00e3o das vacinas da gripe deve ocorrer por meio de [&hellip;]<\/p>\n","protected":false},"author":2,"featured_media":10771,"comment_status":"","ping_status":"","sticky":false,"template":"","format":"standard","meta":{"footnotes":""},"categories":[3],"tags":[],"class_list":["post-10772","post","type-post","status-publish","format-standard","has-post-thumbnail","hentry","category-noticias"],"_links":{"self":[{"href":"https:\/\/hostnetart.com.br\/baixada\/wp-json\/wp\/v2\/posts\/10772","targetHints":{"allow":["GET"]}}],"collection":[{"href":"https:\/\/hostnetart.com.br\/baixada\/wp-json\/wp\/v2\/posts"}],"about":[{"href":"https:\/\/hostnetart.com.br\/baixada\/wp-json\/wp\/v2\/types\/post"}],"author":[{"embeddable":true,"href":"https:\/\/hostnetart.com.br\/baixada\/wp-json\/wp\/v2\/users\/2"}],"replies":[{"embeddable":true,"href":"https:\/\/hostnetart.com.br\/baixada\/wp-json\/wp\/v2\/comments?post=10772"}],"version-history":[{"count":0,"href":"https:\/\/hostnetart.com.br\/baixada\/wp-json\/wp\/v2\/posts\/10772\/revisions"}],"wp:featuredmedia":[{"embeddable":true,"href":"https:\/\/hostnetart.com.br\/baixada\/wp-json\/wp\/v2\/media\/10771"}],"wp:attachment":[{"href":"https:\/\/hostnetart.com.br\/baixada\/wp-json\/wp\/v2\/media?parent=10772"}],"wp:term":[{"taxonomy":"category","embeddable":true,"href":"https:\/\/hostnetart.com.br\/baixada\/wp-json\/wp\/v2\/categories?post=10772"},{"taxonomy":"post_tag","embeddable":true,"href":"https:\/\/hostnetart.com.br\/baixada\/wp-json\/wp\/v2\/tags?post=10772"}],"curies":[{"name":"wp","href":"https:\/\/api.w.org\/{rel}","templated":true}]}}