{"id":10768,"date":"2021-04-14T15:34:21","date_gmt":"2021-04-14T18:34:21","guid":{"rendered":"https:\/\/hostnetart.com.br\/baixada\/brasil-e-unica-grande-economia-em-desaceleracao-porque-nao-combateu-a-pandemia\/"},"modified":"2021-04-14T15:34:21","modified_gmt":"2021-04-14T18:34:21","slug":"brasil-e-unica-grande-economia-em-desaceleracao-porque-nao-combateu-a-pandemia","status":"publish","type":"post","link":"https:\/\/hostnetart.com.br\/baixada\/brasil-e-unica-grande-economia-em-desaceleracao-porque-nao-combateu-a-pandemia\/","title":{"rendered":"Brasil \u00e9 \u00fanica grande economia em desacelera\u00e7\u00e3o porque n\u00e3o combateu a pandemia"},"content":{"rendered":"<p>Estudo divulgado pela\u00a0Organiza\u00e7\u00e3o para a Coopera\u00e7\u00e3o e Desenvolvimento Econ\u00f4mico (OCDE) aponta que o Brasil \u00e9 a \u00fanica grande economia que est\u00e1 em desacelera\u00e7\u00e3o em 2021. Al\u00e9m disso, o relat\u00f3rio Focus, do Banco Central (BC), aumentou as proje\u00e7\u00f5es de infla\u00e7\u00e3o e reduziu as expectativas de crescimento. Sem pol\u00edticas de conten\u00e7\u00e3o da pandemia, a covid-19 continua a assolar o pa\u00eds, aumentando as incertezas dos agentes econ\u00f4micos.<\/p>\n<p>De acordo com o diretor t\u00e9cnico do Dieese, Fausto Augusto Junior, os dados da OCDE apontam que os pa\u00edses com melhores perspectivas de crescimento da economia foram aqueles que adotaram pol\u00edticas bem-sucedidas no enfrentamento da pandemia. O que, mais uma vez faz cair por terra a falsa dicotomia entre preservar vidas e manter a economia funcionando.<\/p>\n<p>\u201cO Brasil est\u00e1 nesse grupo de pa\u00edses que n\u00e3o conseguem nem repor as perdas do ano passado. Estamos terminando o primeiro quadrimestre, e o pa\u00eds continua como se estivesse em 2020\u201d, disse Fausto, em entrevista a Glauco Faria no\u00a0<a href=\"https:\/\/www.youtube.com\/watch?v=x3-3p2c6PHQ&amp;t=2891s\"><em>Jornal Brasil Atual<\/em><\/a>\u00a0desta quarta-feira (14).<\/p>\n<p>O cen\u00e1rio atual \u00e9 ainda mais grave, segundo ele, pois o governo Bolsonaro abriu m\u00e3o de ferramentas de manuten\u00e7\u00e3o do emprego que foram utilizadas no ano passado. Houve apenas a reedi\u00e7\u00e3o do\u00a0<a href=\"https:\/\/www.redebrasilatual.com.br\/economia\/2021\/04\/auxilio-emergencial-nem-metade-cesta-basica\/\">aux\u00edlio emergencial<\/a>. Ainda assim, com valores reduzidos e atendendo a um p\u00fablico muito menor.<\/p>\n<h2><span style=\"text-decoration: underline;\">Depend\u00eancia<\/span><\/h2>\n<p>Por outro lado, al\u00e9m dos impactos na economia, a pandemia tamb\u00e9m desnudou a fragilidade do setor industrial do pa\u00eds. No ano passado, com a eclos\u00e3o da doen\u00e7a, houve at\u00e9 mesmo a escassez de m\u00e1scaras. Atualmente, a\u00a0<a href=\"https:\/\/www.redebrasilatual.com.br\/saude-e-ciencia\/2021\/04\/mil-cidades-dificuldade-abastecimento-oxigenio\/\">produ\u00e7\u00e3o de oxig\u00eanio<\/a>\u00a0\u2013 outro insumo b\u00e1sico \u2013 tamb\u00e9m encontra dificuldades para suprir o aumento da demanda. Ao mesmo tempo, o redu\u00e7\u00e3o dos investimentos em inova\u00e7\u00e3o e pesquisa acentuou a depend\u00eancia do Brasil em rela\u00e7\u00e3o \u00e0 importa\u00e7\u00e3o de insumos farmac\u00eauticos voltados para a produ\u00e7\u00e3o de vacinas e medicamentos.<\/p>\n<p>\u201cCom rela\u00e7\u00e3o \u00e0 qu\u00edmica fina, China e \u00cdndia s\u00e3o refer\u00eancias, em especial na produ\u00e7\u00e3o de f\u00e1rmacos. Por outro lado, no Brasil, temos basicamente duas f\u00e1bricas para a\u00a0<a href=\"https:\/\/www.redebrasilatual.com.br\/saude-e-ciencia\/2021\/01\/unifesp-defende-quebra-de-patente-para-fabricacao-de-vacinas-no-brasil\/\">produ\u00e7\u00e3o de vacinas<\/a>. Ambas estatais. O Brasil, de certo modo, abandonou os investimentos na ind\u00fastria de f\u00e1rmacos. Predomina claramente a prioridade em rela\u00e7\u00e3o ao setor agroexportador. A gente tem mais f\u00e1bricas de vacinas de bovinos do que de humanos\u201d, criticou Fausto.<\/p>\n<p><strong>Fonte: Rede Brasil Atual<\/strong><\/p>\n<p>\u00a0<\/p>\n","protected":false},"excerpt":{"rendered":"<p>Estudo divulgado pela\u00a0Organiza\u00e7\u00e3o para a Coopera\u00e7\u00e3o e Desenvolvimento Econ\u00f4mico (OCDE) aponta que o Brasil \u00e9 a \u00fanica grande economia que est\u00e1 em desacelera\u00e7\u00e3o em 2021. Al\u00e9m disso, o relat\u00f3rio Focus, do Banco Central (BC), aumentou as proje\u00e7\u00f5es de infla\u00e7\u00e3o e reduziu as expectativas de crescimento. Sem pol\u00edticas de conten\u00e7\u00e3o da pandemia, a covid-19 continua a [&hellip;]<\/p>\n","protected":false},"author":2,"featured_media":10767,"comment_status":"","ping_status":"","sticky":false,"template":"","format":"standard","meta":{"footnotes":""},"categories":[3],"tags":[],"class_list":["post-10768","post","type-post","status-publish","format-standard","has-post-thumbnail","hentry","category-noticias"],"_links":{"self":[{"href":"https:\/\/hostnetart.com.br\/baixada\/wp-json\/wp\/v2\/posts\/10768","targetHints":{"allow":["GET"]}}],"collection":[{"href":"https:\/\/hostnetart.com.br\/baixada\/wp-json\/wp\/v2\/posts"}],"about":[{"href":"https:\/\/hostnetart.com.br\/baixada\/wp-json\/wp\/v2\/types\/post"}],"author":[{"embeddable":true,"href":"https:\/\/hostnetart.com.br\/baixada\/wp-json\/wp\/v2\/users\/2"}],"replies":[{"embeddable":true,"href":"https:\/\/hostnetart.com.br\/baixada\/wp-json\/wp\/v2\/comments?post=10768"}],"version-history":[{"count":0,"href":"https:\/\/hostnetart.com.br\/baixada\/wp-json\/wp\/v2\/posts\/10768\/revisions"}],"wp:featuredmedia":[{"embeddable":true,"href":"https:\/\/hostnetart.com.br\/baixada\/wp-json\/wp\/v2\/media\/10767"}],"wp:attachment":[{"href":"https:\/\/hostnetart.com.br\/baixada\/wp-json\/wp\/v2\/media?parent=10768"}],"wp:term":[{"taxonomy":"category","embeddable":true,"href":"https:\/\/hostnetart.com.br\/baixada\/wp-json\/wp\/v2\/categories?post=10768"},{"taxonomy":"post_tag","embeddable":true,"href":"https:\/\/hostnetart.com.br\/baixada\/wp-json\/wp\/v2\/tags?post=10768"}],"curies":[{"name":"wp","href":"https:\/\/api.w.org\/{rel}","templated":true}]}}