{"id":10764,"date":"2021-04-14T03:49:18","date_gmt":"2021-04-14T06:49:18","guid":{"rendered":"https:\/\/hostnetart.com.br\/baixada\/justica-condena-bradesco-a-indenizar-gerente-vitima-de-homofobia\/"},"modified":"2021-04-14T03:49:18","modified_gmt":"2021-04-14T06:49:18","slug":"justica-condena-bradesco-a-indenizar-gerente-vitima-de-homofobia","status":"publish","type":"post","link":"https:\/\/hostnetart.com.br\/baixada\/justica-condena-bradesco-a-indenizar-gerente-vitima-de-homofobia\/","title":{"rendered":"Justi\u00e7a condena Bradesco a indenizar gerente v\u00edtima de homofobia"},"content":{"rendered":"<p>A 2\u00aa Turma do Tribunal Regional do Trabalho da 6\u00aa Regi\u00e3o (TRT-6), em Pernambuco, condenou o Banco Bradesco a indenizar um gerente dispensado que foi alvo de homofobia no trabalho. A v\u00edtima passou a sofrer de ansiedade e depress\u00e3o. Outra decis\u00e3o da Justi\u00e7a foi o direito do gerente de estabilidade provis\u00f3ria no emprego por um ano.<\/p>\n<p>Na condena\u00e7\u00e3o, o valor total da indeniza\u00e7\u00e3o foi fixado em R$ 60 mil. O banco tamb\u00e9m foi condenado a recolher o FGTS do per\u00edodo de afastamento e pagar a complementa\u00e7\u00e3o do aux\u00edlio-doen\u00e7a, al\u00e9m de adicionais de hora-extra. A v\u00edtima relatou que ao assumir a ger\u00eancia de uma ag\u00eancia de cidade do interior do estado, passou a ser alvo de persegui\u00e7\u00f5es por parte do gerente geral, que chegou a obrig\u00e1-lo a fazer a faxina da ag\u00eancia, inclusive do banheiro.<\/p>\n<p>\u201cO resultado desta senten\u00e7a reflete exatamente a luta que a gente vem travando com os bancos no combate \u00e0 discrimina\u00e7\u00e3o. Eles continuam dizendo que n\u00e3o h\u00e1 discrimina\u00e7\u00e3o no local de trabalho, mas o resultado da a\u00e7\u00e3o \u00e9 prova do contr\u00e1rio. Ser\u00e1 preciso intensificar cada vez mais uma campanha nos bancos e acabar de uma vez por todas com o preconceito e a n\u00e3o aceita\u00e7\u00e3o por ser diferente. Homofobia \u00e9 crime!\u201d, declarou Adilson Barros, secret\u00e1rio executivo da Confedera\u00e7\u00e3o Nacional dos Trabalhadores do Ramo Financeiro (Contraf-CUT) e membro da Comiss\u00e3o de G\u00eanero, Ra\u00e7a e Orienta\u00e7\u00e3o Sexual da Contraf-CUT e do coletivo LGBT do Sindicato dos Banc\u00e1rios do Rio de Janeiro.<\/p>\n<h3><strong>Demiss\u00f5es<\/strong><\/h3>\n<p>Por anos, de acordo com testemunhas, o gerente foi v\u00edtima de ass\u00e9dio moral e ofensas discriminat\u00f3rias de seus colegas e superiores. O banco n\u00e3o informou a raz\u00e3o da demiss\u00e3o do gerente. A 2\u00aa Turma do TRT-6 reconheceu que a demiss\u00e3o do trabalhador teve motiva\u00e7\u00f5es homof\u00f3bicas. Um fato que foi levado em conta pela Justi\u00e7a foi que na mesma data da demiss\u00e3o do gerente tamb\u00e9m foi dispensado um colega de outra ag\u00eancia com o qual ele mantinha relacionamento.<\/p>\n<p>Tais press\u00f5es foram consideradas e, de acordo com a senten\u00e7a, contribu\u00edram para que a v\u00edtima desenvolvesse problemas ps\u00edquicos. \u201cN\u00e3o \u00e9 dif\u00edcil imaginar que o empregado, dentro de um contexto em que sabia ser alvo de constantes coment\u00e1rios e piadas de mau gosto \u2014 n\u00e3o por ter dado margem a isto, mas por possuir orienta\u00e7\u00e3o sexual diferente dos padr\u00f5es tidos como tradicionais \u2014 se sentisse triste, abatido, desestimulado e verdadeiramente desencorajado a enfrentar o pr\u00f3prio dia a dia\u201d, afirmou na senten\u00e7a a desembargadora-relatora Eneida Melo Correia de Ara\u00fajo. Para a desembargadora, o banco tinha o dever de proporcionar um ambiente de trabalho sadio.<\/p>\n<p><em>Com informa\u00e7\u00f5es do site Consultor Jur\u00eddico e da assessoria de imprensa do TRT-6.<\/em><\/p>\n<p>\u00a0<\/p>\n","protected":false},"excerpt":{"rendered":"<p>A 2\u00aa Turma do Tribunal Regional do Trabalho da 6\u00aa Regi\u00e3o (TRT-6), em Pernambuco, condenou o Banco Bradesco a indenizar um gerente dispensado que foi alvo de homofobia no trabalho. A v\u00edtima passou a sofrer de ansiedade e depress\u00e3o. Outra decis\u00e3o da Justi\u00e7a foi o direito do gerente de estabilidade provis\u00f3ria no emprego por um [&hellip;]<\/p>\n","protected":false},"author":2,"featured_media":10763,"comment_status":"","ping_status":"","sticky":false,"template":"","format":"standard","meta":{"footnotes":""},"categories":[3],"tags":[],"class_list":["post-10764","post","type-post","status-publish","format-standard","has-post-thumbnail","hentry","category-noticias"],"_links":{"self":[{"href":"https:\/\/hostnetart.com.br\/baixada\/wp-json\/wp\/v2\/posts\/10764","targetHints":{"allow":["GET"]}}],"collection":[{"href":"https:\/\/hostnetart.com.br\/baixada\/wp-json\/wp\/v2\/posts"}],"about":[{"href":"https:\/\/hostnetart.com.br\/baixada\/wp-json\/wp\/v2\/types\/post"}],"author":[{"embeddable":true,"href":"https:\/\/hostnetart.com.br\/baixada\/wp-json\/wp\/v2\/users\/2"}],"replies":[{"embeddable":true,"href":"https:\/\/hostnetart.com.br\/baixada\/wp-json\/wp\/v2\/comments?post=10764"}],"version-history":[{"count":0,"href":"https:\/\/hostnetart.com.br\/baixada\/wp-json\/wp\/v2\/posts\/10764\/revisions"}],"wp:featuredmedia":[{"embeddable":true,"href":"https:\/\/hostnetart.com.br\/baixada\/wp-json\/wp\/v2\/media\/10763"}],"wp:attachment":[{"href":"https:\/\/hostnetart.com.br\/baixada\/wp-json\/wp\/v2\/media?parent=10764"}],"wp:term":[{"taxonomy":"category","embeddable":true,"href":"https:\/\/hostnetart.com.br\/baixada\/wp-json\/wp\/v2\/categories?post=10764"},{"taxonomy":"post_tag","embeddable":true,"href":"https:\/\/hostnetart.com.br\/baixada\/wp-json\/wp\/v2\/tags?post=10764"}],"curies":[{"name":"wp","href":"https:\/\/api.w.org\/{rel}","templated":true}]}}