{"id":10760,"date":"2021-04-13T03:12:45","date_gmt":"2021-04-13T06:12:45","guid":{"rendered":"https:\/\/hostnetart.com.br\/baixada\/cee-caixa-define-calendario-de-lutas-para-o-mes-de-abril\/"},"modified":"2021-04-13T03:12:45","modified_gmt":"2021-04-13T06:12:45","slug":"cee-caixa-define-calendario-de-lutas-para-o-mes-de-abril","status":"publish","type":"post","link":"https:\/\/hostnetart.com.br\/baixada\/cee-caixa-define-calendario-de-lutas-para-o-mes-de-abril\/","title":{"rendered":"CEE\/Caixa define calend\u00e1rio de lutas para o m\u00eas de abril"},"content":{"rendered":"<p>A Comiss\u00e3o Executiva de Empregados (CEE\/Caixa) definiu um calend\u00e1rio de lutas para o m\u00eas de abril, em defesa de pagamento justo da Participa\u00e7\u00e3o nos Lucros ou Resultados (PLR), a defesa da vacina contra Covid-19 para todos e da Caixa 100% p\u00fablica. O calend\u00e1rio foi aprovado pelo Comando Nacional dos Banc\u00e1rios, em reuni\u00e3o realizada nesta segunda-feira (12).<\/p>\n<p>A Caixa n\u00e3o pagou devidamente, conforme o Acordo Coletivo de Trabalho (ACT) 2020\/2021, a Participa\u00e7\u00e3o nos Lucros ou Resultados (PLR) dos empregados. O Departamento Intersindical de Estat\u00edstica e Estudos Socioecon\u00f4micos (Dieese) identificou que a Caixa pagou a PLR Social com base na divis\u00e3o linear entre todos os empregados de 3% do lucro l\u00edquido, e n\u00e3o de 4%, como determina o Acordo Coletivo de Trabalho (ACT).<\/p>\n<p>Os integrantes da Comiss\u00e3o tamb\u00e9m v\u00e3o denunciar as graves consequ\u00eancias que as devolu\u00e7\u00f5es dos Instrumentos H\u00edbridos de Capital e D\u00edvida (IHCD) v\u00e3o causar \u00e0 Caixa. A inten\u00e7\u00e3o do presidente do banco, Pedro Guimar\u00e3es, \u00e9 devolver os recursos com a venda de subsidi\u00e1rias ainda neste ano. A Caixa j\u00e1 devolveu R$ 11,35 bilh\u00f5es de um total de R$ 40 bilh\u00f5es. Vale lembrar que IHCD n\u00e3o tem data de vencimento, portanto, a dire\u00e7\u00e3o da Caixa n\u00e3o tem a obriga\u00e7\u00e3o de antecipar a devolu\u00e7\u00e3o destes recursos.<\/p>\n<p>A coordenadora da CEE\/Caixa e secret\u00e1ria da Cultura da Confedera\u00e7\u00e3o Nacional dos Trabalhadores do Ramo Financeiro (Contraf-CUT), Fabiana Uehara Proscholdt, explica que o calend\u00e1rio de lutas vai propor uma campanha ampla. \u201cO Governo e a dire\u00e7\u00e3o da Caixa t\u00eam avan\u00e7ado na retirada de direitos dos empregados e na privatiza\u00e7\u00e3o do banco p\u00fablico. Portanto, al\u00e9m de denunciar os preju\u00edzos com a devolu\u00e7\u00e3o dos IHCDs e cobrar o pagamento justo da PLR, nossa mobiliza\u00e7\u00e3o ser\u00e1 pela vacina\u00e7\u00e3o para todos e a inclus\u00e3o dos empregados no grupo priorit\u00e1rio de imuniza\u00e7\u00e3o contra a Covid-19. E o mais urgente \u2013 defender a Caixa 100% p\u00fablica que, mais do que nunca, est\u00e1 amea\u00e7ada com a venda da Caixa Seguridade\u201d, alertou Fabiana. A abertura de capital da subsidi\u00e1ria de seguros est\u00e1 prevista para o dia 29 de abril.<\/p>\n<p>Para Jorge Furlan, diretor do Sindicato dos Banc\u00e1rios do ABC e membro da CEE\/Caixa, \u201cessa postura da Caixa com seus empregados, nada mais \u00e9 que um reflexo do governo federal, demonstrando desrespeito e prejudicando quem at\u00e9 agora se desdobrou para atender a popula\u00e7\u00e3o em plena pandemia.\u201d<\/p>\n<p>Para refor\u00e7ar o calend\u00e1rio de lutas, al\u00e9m da reuni\u00e3o do Comando Nacional, a CEE est\u00e1 programando uma plen\u00e1ria nacional com os dirigentes sindicais na noite desta segunda-feira (12).<\/p>\n<h3>Confira o calend\u00e1rio:<\/h3>\n<ul>\n<li>Plen\u00e1rias \u2013 per\u00edodo de 19 a 21 de abril \u2013 Federa\u00e7\u00f5es organizem plen\u00e1rias junto aos Sindicatos que cubram toda a base.<\/li>\n<li>Assembleias \u2013 dia 22 de abril.<\/li>\n<li>Live Tem\u00e1tica: Descapitaliza\u00e7\u00e3o da Caixa \u2013 dia 26 de abril \u2013 19h.<\/li>\n<\/ul>\n<p><strong>Fonte: Contraf-CUT<\/strong><\/p>\n","protected":false},"excerpt":{"rendered":"<p>A Comiss\u00e3o Executiva de Empregados (CEE\/Caixa) definiu um calend\u00e1rio de lutas para o m\u00eas de abril, em defesa de pagamento justo da Participa\u00e7\u00e3o nos Lucros ou Resultados (PLR), a defesa da vacina contra Covid-19 para todos e da Caixa 100% p\u00fablica. O calend\u00e1rio foi aprovado pelo Comando Nacional dos Banc\u00e1rios, em reuni\u00e3o realizada nesta segunda-feira [&hellip;]<\/p>\n","protected":false},"author":2,"featured_media":10759,"comment_status":"","ping_status":"","sticky":false,"template":"","format":"standard","meta":{"footnotes":""},"categories":[3],"tags":[],"class_list":["post-10760","post","type-post","status-publish","format-standard","has-post-thumbnail","hentry","category-noticias"],"_links":{"self":[{"href":"https:\/\/hostnetart.com.br\/baixada\/wp-json\/wp\/v2\/posts\/10760","targetHints":{"allow":["GET"]}}],"collection":[{"href":"https:\/\/hostnetart.com.br\/baixada\/wp-json\/wp\/v2\/posts"}],"about":[{"href":"https:\/\/hostnetart.com.br\/baixada\/wp-json\/wp\/v2\/types\/post"}],"author":[{"embeddable":true,"href":"https:\/\/hostnetart.com.br\/baixada\/wp-json\/wp\/v2\/users\/2"}],"replies":[{"embeddable":true,"href":"https:\/\/hostnetart.com.br\/baixada\/wp-json\/wp\/v2\/comments?post=10760"}],"version-history":[{"count":0,"href":"https:\/\/hostnetart.com.br\/baixada\/wp-json\/wp\/v2\/posts\/10760\/revisions"}],"wp:featuredmedia":[{"embeddable":true,"href":"https:\/\/hostnetart.com.br\/baixada\/wp-json\/wp\/v2\/media\/10759"}],"wp:attachment":[{"href":"https:\/\/hostnetart.com.br\/baixada\/wp-json\/wp\/v2\/media?parent=10760"}],"wp:term":[{"taxonomy":"category","embeddable":true,"href":"https:\/\/hostnetart.com.br\/baixada\/wp-json\/wp\/v2\/categories?post=10760"},{"taxonomy":"post_tag","embeddable":true,"href":"https:\/\/hostnetart.com.br\/baixada\/wp-json\/wp\/v2\/tags?post=10760"}],"curies":[{"name":"wp","href":"https:\/\/api.w.org\/{rel}","templated":true}]}}