{"id":10758,"date":"2021-04-13T03:11:46","date_gmt":"2021-04-13T06:11:46","guid":{"rendered":"https:\/\/hostnetart.com.br\/baixada\/fenaban-apresentara-proposta-de-protocolo-minimo-de-seguranca-contra-a-pandemia\/"},"modified":"2021-04-13T03:11:46","modified_gmt":"2021-04-13T06:11:46","slug":"fenaban-apresentara-proposta-de-protocolo-minimo-de-seguranca-contra-a-pandemia","status":"publish","type":"post","link":"https:\/\/hostnetart.com.br\/baixada\/fenaban-apresentara-proposta-de-protocolo-minimo-de-seguranca-contra-a-pandemia\/","title":{"rendered":"Fenaban apresentar\u00e1 proposta de protocolo m\u00ednimo de seguran\u00e7a contra a pandemia"},"content":{"rendered":"<p>Representantes da Federa\u00e7\u00e3o Nacional dos Bancos (Fenaban) se comprometeram nesta segunda-feira (12) com o Comando Nacional\u00a0d@s\u00a0Banc\u00e1ri@s\u00a0a apresentarem uma proposta de protocolo m\u00ednimo de seguran\u00e7a contra a covid 19. O compromisso foi assumido na reuni\u00e3o que discutiu medidas de prote\u00e7\u00e3o da categoria diante do crescimento do cont\u00e1gio da Covid 19.<\/p>\n<p>\u201cAcertamos que vamos fazer um protocolo nacional m\u00ednimo, fundamental nesse momento de agravamento da pandemia. \u00c9 importante que os bancos padronizem seus protocolos. Como at\u00e9 agora n\u00e3o havia clareza de um padr\u00e3o, acabava ficando nas m\u00e3os dos gestores as medidas de prote\u00e7\u00e3o. Com um protocolo nacional, podemos analisar na ponta, nas ag\u00eancias, se tudo isso que estamos conversando est\u00e1 sendo aplicado\u201d, avaliou a presidenta da Confedera\u00e7\u00e3o Nacional dos Trabalhadores do Ramo Financeiro (Contraf-CUT), Juvandia Moreira, coordenadora do Comando.<\/p>\n<p><strong>Higieniza\u00e7\u00e3o<\/strong><\/p>\n<p>Outro ponto cobrado dos bancos foi a necessidade de uma higieniza\u00e7\u00e3o pelo menos semanal das unidades. Os representantes da Fenaban concordaram que esse procedimento pode ser acrescentado no protocolo m\u00ednimo a ser discutido. Tamb\u00e9m consideram inadmiss\u00edvel que clientes tentem entrar nas ag\u00eancias alegando que precisam de atendimento r\u00e1pido por estarem contaminados, conforme relato de fato ocorrido em uma agencia banc\u00e1ria.<\/p>\n<p>Embora os representantes da Fenaban garantissem que os bancos orientam os gestores a n\u00e3o realizar visitas externas, dirigentes do Comando lembraram que o mais adequado n\u00e3o \u00e9 uma orienta\u00e7\u00e3o, mas a proibi\u00e7\u00e3o das visitas durante a pandemia. Tamb\u00e9m foi cobrado que os bancos devem ter um acompanhamento das sequelas de funcion\u00e1ri@s\u00a0que retornaram ao trabalho ap\u00f3s superarem o adoecimento pela Covid.<\/p>\n<p><strong>Grupos de risco<\/strong><\/p>\n<p>No in\u00edcio da pandemia, centenas de banc\u00e1ri@s\u00a0de grupos de risco foram afastados de suas atividades presenciais, mas n\u00e3o receberam atividades remotas. \u201cTem gente que est\u00e1 um ano em casa, do grupo de risco. E que podem ter problemas na renova\u00e7\u00e3o do acordo. Nossa preocupa\u00e7\u00e3o \u00e9 que tem que arrumar atividade para essas pessoas que est\u00e3o em casa acumulando horas para compensar futuramente\u201d, destacou a presidenta da Contraf-CUT. Os representantes da Fenaban se comprometeram a discutir o tema.<\/p>\n<p><strong>Fonte: Contraf-CUT<\/strong><\/p>\n","protected":false},"excerpt":{"rendered":"<p>Representantes da Federa\u00e7\u00e3o Nacional dos Bancos (Fenaban) se comprometeram nesta segunda-feira (12) com o Comando Nacional\u00a0d@s\u00a0Banc\u00e1ri@s\u00a0a apresentarem uma proposta de protocolo m\u00ednimo de seguran\u00e7a contra a covid 19. O compromisso foi assumido na reuni\u00e3o que discutiu medidas de prote\u00e7\u00e3o da categoria diante do crescimento do cont\u00e1gio da Covid 19. \u201cAcertamos que vamos fazer um protocolo [&hellip;]<\/p>\n","protected":false},"author":2,"featured_media":10757,"comment_status":"","ping_status":"","sticky":false,"template":"","format":"standard","meta":{"footnotes":""},"categories":[3],"tags":[],"class_list":["post-10758","post","type-post","status-publish","format-standard","has-post-thumbnail","hentry","category-noticias"],"_links":{"self":[{"href":"https:\/\/hostnetart.com.br\/baixada\/wp-json\/wp\/v2\/posts\/10758","targetHints":{"allow":["GET"]}}],"collection":[{"href":"https:\/\/hostnetart.com.br\/baixada\/wp-json\/wp\/v2\/posts"}],"about":[{"href":"https:\/\/hostnetart.com.br\/baixada\/wp-json\/wp\/v2\/types\/post"}],"author":[{"embeddable":true,"href":"https:\/\/hostnetart.com.br\/baixada\/wp-json\/wp\/v2\/users\/2"}],"replies":[{"embeddable":true,"href":"https:\/\/hostnetart.com.br\/baixada\/wp-json\/wp\/v2\/comments?post=10758"}],"version-history":[{"count":0,"href":"https:\/\/hostnetart.com.br\/baixada\/wp-json\/wp\/v2\/posts\/10758\/revisions"}],"wp:featuredmedia":[{"embeddable":true,"href":"https:\/\/hostnetart.com.br\/baixada\/wp-json\/wp\/v2\/media\/10757"}],"wp:attachment":[{"href":"https:\/\/hostnetart.com.br\/baixada\/wp-json\/wp\/v2\/media?parent=10758"}],"wp:term":[{"taxonomy":"category","embeddable":true,"href":"https:\/\/hostnetart.com.br\/baixada\/wp-json\/wp\/v2\/categories?post=10758"},{"taxonomy":"post_tag","embeddable":true,"href":"https:\/\/hostnetart.com.br\/baixada\/wp-json\/wp\/v2\/tags?post=10758"}],"curies":[{"name":"wp","href":"https:\/\/api.w.org\/{rel}","templated":true}]}}