{"id":10756,"date":"2021-04-13T03:09:58","date_gmt":"2021-04-13T06:09:58","guid":{"rendered":"https:\/\/hostnetart.com.br\/baixada\/bancarios-vao-esmiucar-balancos-dos-bancos-publicos\/"},"modified":"2021-04-13T03:09:58","modified_gmt":"2021-04-13T06:09:58","slug":"bancarios-vao-esmiucar-balancos-dos-bancos-publicos","status":"publish","type":"post","link":"https:\/\/hostnetart.com.br\/baixada\/bancarios-vao-esmiucar-balancos-dos-bancos-publicos\/","title":{"rendered":"Banc\u00e1rios v\u00e3o esmiu\u00e7ar balan\u00e7os dos bancos p\u00fablicos"},"content":{"rendered":"<p>A Confedera\u00e7\u00e3o Nacional dos Trabalhadores do Ramo Financeiro (Contraf-CUT) e a Federa\u00e7\u00e3o Nacional das Associa\u00e7\u00f5es do Pessoal da Caixa Econ\u00f4mica Federal (Fenae) apresentar\u00e3o de ter\u00e7a (13) a quinta-feira (15) os resultados dos balan\u00e7os dos bancos p\u00fablicos. Na sexta-feira (16), a pauta ser\u00e1 a autonomia do Banco Central. As atividades t\u00eam o objetivo de informar e instrumentalizar os dirigentes sindicais na defesa dos bancos p\u00fablicos, mas \u00e9 aberto a todos que queiram conhecer o ponto de vista dos banc\u00e1rios sobre os balan\u00e7os dos bancos p\u00fablicos.<\/p>\n<p>\u201cSer\u00e3o apresenta\u00e7\u00f5es com elevada qualidade, tanto t\u00e9cnica quanto pol\u00edtica. Vamos mostrar para a sociedade e para a imprensa que os bancos p\u00fablicos merecem ser vistos por uma \u00f3tica diferente da que \u00e9 mostrada por quem defende a privatiza\u00e7\u00e3o, que, normalmente, \u00e9 reproduzida pela m\u00eddia\u201d, disse o secret\u00e1rio de Rela\u00e7\u00e3o Internacionais da Contraf-CUT, Roberto von der Osten, que representa a entidade na equipe de organiza\u00e7\u00e3o.<\/p>\n<p>Os interessados em participar do debate devem acessar os links de cada uma das atividades (veja na programa\u00e7\u00e3o abaixo).<\/p>\n<h3>As apresenta\u00e7\u00f5es<\/h3>\n<p>Ser\u00e3o quatro apresenta\u00e7\u00f5es, sempre \u00e0s 19h. A parte t\u00e9cnica ser\u00e1 de responsabilidade do Departamento Intersindical de Estat\u00edstica e Estudos Socioecon\u00f4micos (Dieese), que trar\u00e3o os n\u00fameros do balan\u00e7o e dar\u00e3o as explica\u00e7\u00f5es econ\u00f4micas e cont\u00e1beis. Os comentaristas pol\u00edticos v\u00e3o mostrar que, apesar de terem que seu papel social, os bancos p\u00fablicos conseguem apresentar bons resultados para o controlador\/governo e acionistas, nos casos daqueles que t\u00eam capital misto (parte p\u00fablico, parte privado).<\/p>\n<p>\u201cS\u00e3o bancos p\u00fablicos, que t\u00eam seu papel social, mas conseguem competir e at\u00e9 superar os privados. E isso incomoda a sede insaci\u00e1vel do mercado financeiro\u201d, destacou o dirigente da Contraf-CUT.<\/p>\n<p>Na ter\u00e7a-feira (13) ser\u00e3o apresentados os resultados do Banco do Nordeste do Brasil (BNB) e do Banco da Amaz\u00f4nia (Basa). Na quarta (14) ser\u00e1 a vez de esmiu\u00e7ar o balan\u00e7o da Caixa Econ\u00f4mica Federal. Na quinta (15) ser\u00e3o apresentados os n\u00fameros do Banco do Brasil. A cereja do bolo foi deixada para sexta-feira (16), quando acontecer\u00e1 um debate sobre a autonomia do Banco Central, com a participa\u00e7\u00e3o do deputado federal Pedro Uczai (PT\/SC), que coordena os debates sobre a reforma do sistema financeiro em seu partido, do Economista Sergio Mendon\u00e7a, da presidenta da Contraf-CUT, Juvandia Moreira, e do presidente da Fenae, Sergio Takemoto.<\/p>\n<p>\u201cA categoria banc\u00e1ria se mant\u00e9m em constante debate sobre a regulamenta\u00e7\u00e3o do sistema financeiro. Em 1962, produzimos uma proposta de regulamenta\u00e7\u00e3o do sistema financeiro \u2013 uma das reformas de base do governo Jo\u00e3o Goulard, que acabaram derrubando o presidente. A\u00ed os banqueiros se juntaram com os militares para elaborar a lei que est\u00e1 em vigor desde 1964 at\u00e9 hoje\u201d, afirmou von der Osten. \u201cA constitui\u00e7\u00e3o de 1988 esbo\u00e7ou uma regulamenta\u00e7\u00e3o, mas o artigo foi sendo esvaziado e hoje dele s\u00f3 sobra o caput. Queremos retomar este debate, para regulamentar o artigo 192 da Constitui\u00e7\u00e3o, que trata do Sistema financeiro, mas que nunca foi regulamentado\u201d, completou.<\/p>\n<p>\u201cSabemos que o momento n\u00e3o \u00e9 favor\u00e1vel para o debate de propostas progressistas e que os liberais e conservadores s\u00e3o maioria. Mas, mesmo no governo Lula e Dilma, a correla\u00e7\u00e3o de for\u00e7as no congresso nunca permitiu regulamentar o artigo 192. O poder congressual dos bancos \u00e9 forte. Por isso, al\u00e9m de debater no Congresso, queremos levar este debate para a sociedade. O povo sabe o que \u00e9 o sistema financeiro no Brasil por sofrer na pele a explora\u00e7\u00e3o das tarifas e taxas de juros expressos pelos spreads banc\u00e1rios. N\u00f3s queremos dar subs\u00eddios para que eles entendam por que isso acontece e o que pode ser feito para mudar esta situa\u00e7\u00e3o\u201d, concluiu o dirigente da Contraf-CUT.<\/p>\n<h3>Veja abaixo a programa\u00e7\u00e3o<\/h3>\n<p><strong>Dia 13 de abril, ter\u00e7a-feira, \u00e0s 19 horas<br \/><\/strong>An\u00e1lise dos Balan\u00e7os do Banco do Nordeste do Brasil \u2013 BNB e Banco da Amaz\u00f4nia \u2013 Basa<br \/>Link de acesso:\u00a0<a href=\"https:\/\/nam10.safelinks.protection.outlook.com\/?url=https%3A%2F%2Fzoom.us%2Fj%2F93603294674&amp;data=04%7C01%7Cmariana.pinho%40fenae.org.br%7C4a2c8adac15a477d552108d8faf791cb%7C5e9f506a59cd4e3c9ce3417733544b4a%7C0%7C0%7C637535288510343809%7CUnknown%7CTWFpbGZsb3d8eyJWIjoiMC4wLjAwMDAiLCJQIjoiV2luMzIiLCJBTiI6Ik1haWwiLCJXVCI6Mn0%3D%7C1000&amp;sdata=vpQB2z7YJG131y%2BILsgI7LtqDLHLRdJEqsZVaQnDUYk%3D&amp;reserved=0\" target=\"_blank\" rel=\"noopener noreferrer\">https:\/\/zoom.us\/j\/93603294674<\/a>\u00a0ID da reuni\u00e3o: 936 0329 4674<\/p>\n<p><strong>Apresenta\u00e7\u00e3o do Balan\u00e7o:<br \/><\/strong>Vivian Machado Rodrigues \u2013 Economista e t\u00e9cnica do Dieese \u2013 Departamento Intersindical de Estat\u00edstica e Estudos Socioecon\u00f4micos<\/p>\n<p><strong>Mediador:<br \/><\/strong>Gustavo Machado Tabatinga Junior \u2013 Secret\u00e1rio Geral da Contraf-CUT \u2013 Confedera\u00e7\u00e3o Nacional dos Trabalhadores do Ramo Financeiro e Coordenador da Comiss\u00e3o de Negocia\u00e7\u00e3o com o BNB<\/p>\n<p><strong>Participa\u00e7\u00e3o:<br \/><\/strong>S\u00e9rgio Trindade \u2013 Secret\u00e1rio Geral do Sindicato dos Banc\u00e1rios do Par\u00e1 e Coordenador da Comiss\u00e3o de Negocia\u00e7\u00e3o com o BASA<br \/>Robson Luiz Andrade Ara\u00fajo \u2013 Secret\u00e1rio de Assuntos Jur\u00eddicos do Sindicato dos Banc\u00e1rios da Para\u00edba e Coordenador do Comit\u00ea em Defesa do BNB<\/p>\n<p><strong>Dia 14 de abril, quarta-feira, \u00e0s 19 horas<br \/><\/strong>An\u00e1lise do Balan\u00e7o da Caixa Econ\u00f4mica Federal<br \/>Link de acesso\u00a0<a href=\"https:\/\/nam10.safelinks.protection.outlook.com\/?url=https%3A%2F%2Fzoom.us%2Fj%2F97746772660&amp;data=04%7C01%7Cmariana.pinho%40fenae.org.br%7Cfe293fa222744c0f7d3b08d8faf7b5af%7C5e9f506a59cd4e3c9ce3417733544b4a%7C0%7C0%7C637535289125135425%7CUnknown%7CTWFpbGZsb3d8eyJWIjoiMC4wLjAwMDAiLCJQIjoiV2luMzIiLCJBTiI6Ik1haWwiLCJXVCI6Mn0%3D%7C1000&amp;sdata=5RGD7JLhT8zbJmCEiuWyxMFTj0SX2DJh6BD0ezjBbUg%3D&amp;reserved=0\" target=\"_blank\" rel=\"noopener noreferrer\">https:\/\/zoom.us\/j\/97746772660<\/a>\u00a0ID da reuni\u00e3o: 977 4677 2660<\/p>\n<p>Apresenta\u00e7\u00e3o do Balan\u00e7o:<br \/>Sergio Lisboa \u2013 Economista e t\u00e9cnico do Dieese \u2013 Departamento Intersindical de Estat\u00edstica e Estudos Socioecon\u00f4micos<\/p>\n<p>Mediador:<br \/>Jair Pedro \u2013 Diretor de Forma\u00e7\u00e3o da Fenae \u2013 Federa\u00e7\u00e3o Nacional das Associa\u00e7\u00f5es do Pessoal da Caixa Econ\u00f4mica Federal<\/p>\n<p>Participa\u00e7\u00e3o:<br \/>Regina Coeli Moreira Camargos \u2013 Economista<br \/>Rita Serrano \u2013 Conselheira de Administra\u00e7\u00e3o da Caixa Econ\u00f4mica Federal<\/p>\n<p><strong>Dia 15 de abril, quinta-feira, \u00e0s 19 horas<br \/><\/strong>An\u00e1lise do Balan\u00e7o do Banco do Brasil<br \/>Link de acesso\u00a0<a href=\"https:\/\/nam10.safelinks.protection.outlook.com\/?url=https%3A%2F%2Fzoom.us%2Fj%2F94124548557&amp;data=04%7C01%7Cmariana.pinho%40fenae.org.br%7C3be1ad0eaa7843c782f408d8faf7dd22%7C5e9f506a59cd4e3c9ce3417733544b4a%7C0%7C0%7C637535289783267459%7CUnknown%7CTWFpbGZsb3d8eyJWIjoiMC4wLjAwMDAiLCJQIjoiV2luMzIiLCJBTiI6Ik1haWwiLCJXVCI6Mn0%3D%7C1000&amp;sdata=T0AedaZyGt83yIzYPQfK9PUhOD1%2BDPXbplMpA4iqw%2B4%3D&amp;reserved=0\" target=\"_blank\" rel=\"noopener noreferrer\">https:\/\/zoom.us\/j\/94124548557<\/a>\u00a0ID da reuni\u00e3o: 941 2454 8557<\/p>\n<p>Apresenta\u00e7\u00e3o do Balan\u00e7o:<br \/>N\u00e1dia Vieira de Souza \u2013 Economista e t\u00e9cnica do Dieese \u2013 Departamento Intersindical de Estat\u00edstica e Estudos Socioecon\u00f4micos<\/p>\n<p>Mediador:<br \/>Jos\u00e9 Ricardo Sasseron \u2013 Banc\u00e1rio aposentado do BB. Foi conselheiro fiscal, conselheiro deliberativo e diretor de seguridade da Previ, eleito pelos participantes. Foi presidente da Anapar \u2013 Associa\u00e7\u00e3o Nacional dos Participantes de Fundos de Pens\u00e3o e dos Benefici\u00e1rios de Sa\u00fade Suplementar de Autogest\u00e3o e representante dos trabalhadores no Conselho Nacional de Previd\u00eancia Complementar.<\/p>\n<p>Participa\u00e7\u00e3o:<br \/>Jo\u00e3o Luiz Fukunaga \u2013 Secret\u00e1rio de Organiza\u00e7\u00e3o e Suporte Administrativo do Sindicato dos Banc\u00e1rios de S\u00e3o Paulo e Coordenador da Comiss\u00e3o de Empregados do Banco do Brasil<br \/>Debora Fonseca \u2013 Conselheira de Administra\u00e7\u00e3o do Banco do Brasil eleita pelos trabalhadores.<\/p>\n<p><strong>Dia 16 de abril, sexta-feira, \u00e0s 19 horas<br \/><\/strong>Debate sobre a autonomia do Banco Central<br \/>Youtube e Facebook da Fenae<\/p>\n<p>Mediadora:<br \/>Lis Jannuzzi Weingartner \u2013 Jornalista da Fenae \u2013 Federa\u00e7\u00e3o Nacional das Associa\u00e7\u00f5es do Pessoal da Caixa Econ\u00f4mica Federal<\/p>\n<p>Convidados:<br \/>Pedro Uczai \u2013 Deputado Federal PT SC<br \/>Juvandia Moreira Leite \u2013 Presidenta da Contraf-CUT \u2013 Confedera\u00e7\u00e3o Nacional dos Trabalhadores do Ramo Financeiro<br \/>Sergio Hiroshi Takemoto \u2013 Presidente da Fenae \u2013 Federa\u00e7\u00e3o Nacional das Associa\u00e7\u00f5es do Pessoal da Caixa Econ\u00f4mica Federal<br \/>Sergio Mendon\u00e7a \u2013 Economista e diretor do Reconta A\u00ed<\/p>\n<p><span style=\"text-decoration: underline;\"><strong>Fonte: Contraf-CUT<\/strong><\/span><\/p>\n","protected":false},"excerpt":{"rendered":"<p>A Confedera\u00e7\u00e3o Nacional dos Trabalhadores do Ramo Financeiro (Contraf-CUT) e a Federa\u00e7\u00e3o Nacional das Associa\u00e7\u00f5es do Pessoal da Caixa Econ\u00f4mica Federal (Fenae) apresentar\u00e3o de ter\u00e7a (13) a quinta-feira (15) os resultados dos balan\u00e7os dos bancos p\u00fablicos. Na sexta-feira (16), a pauta ser\u00e1 a autonomia do Banco Central. As atividades t\u00eam o objetivo de informar e [&hellip;]<\/p>\n","protected":false},"author":2,"featured_media":10755,"comment_status":"","ping_status":"","sticky":false,"template":"","format":"standard","meta":{"footnotes":""},"categories":[3],"tags":[],"class_list":["post-10756","post","type-post","status-publish","format-standard","has-post-thumbnail","hentry","category-noticias"],"_links":{"self":[{"href":"https:\/\/hostnetart.com.br\/baixada\/wp-json\/wp\/v2\/posts\/10756","targetHints":{"allow":["GET"]}}],"collection":[{"href":"https:\/\/hostnetart.com.br\/baixada\/wp-json\/wp\/v2\/posts"}],"about":[{"href":"https:\/\/hostnetart.com.br\/baixada\/wp-json\/wp\/v2\/types\/post"}],"author":[{"embeddable":true,"href":"https:\/\/hostnetart.com.br\/baixada\/wp-json\/wp\/v2\/users\/2"}],"replies":[{"embeddable":true,"href":"https:\/\/hostnetart.com.br\/baixada\/wp-json\/wp\/v2\/comments?post=10756"}],"version-history":[{"count":0,"href":"https:\/\/hostnetart.com.br\/baixada\/wp-json\/wp\/v2\/posts\/10756\/revisions"}],"wp:featuredmedia":[{"embeddable":true,"href":"https:\/\/hostnetart.com.br\/baixada\/wp-json\/wp\/v2\/media\/10755"}],"wp:attachment":[{"href":"https:\/\/hostnetart.com.br\/baixada\/wp-json\/wp\/v2\/media?parent=10756"}],"wp:term":[{"taxonomy":"category","embeddable":true,"href":"https:\/\/hostnetart.com.br\/baixada\/wp-json\/wp\/v2\/categories?post=10756"},{"taxonomy":"post_tag","embeddable":true,"href":"https:\/\/hostnetart.com.br\/baixada\/wp-json\/wp\/v2\/tags?post=10756"}],"curies":[{"name":"wp","href":"https:\/\/api.w.org\/{rel}","templated":true}]}}