{"id":10754,"date":"2021-04-13T03:07:51","date_gmt":"2021-04-13T06:07:51","guid":{"rendered":"https:\/\/hostnetart.com.br\/baixada\/cee-cobra-da-caixa-o-cronograma-de-vacinacao-contra-h1n1\/"},"modified":"2021-04-13T03:07:51","modified_gmt":"2021-04-13T06:07:51","slug":"cee-cobra-da-caixa-o-cronograma-de-vacinacao-contra-h1n1","status":"publish","type":"post","link":"https:\/\/hostnetart.com.br\/baixada\/cee-cobra-da-caixa-o-cronograma-de-vacinacao-contra-h1n1\/","title":{"rendered":"CEE cobra da Caixa o cronograma de vacina\u00e7\u00e3o contra H1N1"},"content":{"rendered":"<p>A Comiss\u00e3o Executiva dos Empregados (CEE) da Caixa, por meio de of\u00edcio enviado nesta quinta-feira (8), solicitou \u00e0 dire\u00e7\u00e3o da Caixa Econ\u00f4mica Federal informa\u00e7\u00f5es sobre o cronograma da campanha anual de vacina\u00e7\u00e3o contra H1N1.<\/p>\n<p>\u201cA vacina\u00e7\u00e3o faz parte da pol\u00edtica interna da sa\u00fade do trabalhador, sendo uma medida que pode diminuir a incid\u00eancia dessa doen\u00e7a e contribuir para desafogar a rede de sa\u00fade, que j\u00e1 est\u00e1 bem comprometida pela situa\u00e7\u00e3o da pandemia\u201d, diz o documento.<\/p>\n<p>A coordenadora da CEE\/Caixa e secret\u00e1ria da Cultura da Confedera\u00e7\u00e3o Nacional dos Trabalhadores do Ramo Financeiro (Contraf-CUT), Fabiana Uehara Proscholdt, alerta que a vacina\u00e7\u00e3o \u00e9 urgente. \u201cAno passado a campanha foi antecipada para o dia primeiro de abril por conta da Covid-19. Estamos na pior fase da pandemia, portanto a vacina\u00e7\u00e3o \u00e9 urgente. E \u00e9 preciso informar a rede de laborat\u00f3rios credenciados para a aplica\u00e7\u00e3o da vacina\u201d, informou.<\/p>\n<p>Em 2020, os empregados enfrentaram dificuldades na vacina\u00e7\u00e3o. Alguns laborat\u00f3rios informaram que n\u00e3o havia conv\u00eanio com o Sa\u00fade Caixa para imuniza\u00e7\u00e3o.<\/p>\n<p><strong>Fonte: Contraf-CUT<\/strong><\/p>\n","protected":false},"excerpt":{"rendered":"<p>A Comiss\u00e3o Executiva dos Empregados (CEE) da Caixa, por meio de of\u00edcio enviado nesta quinta-feira (8), solicitou \u00e0 dire\u00e7\u00e3o da Caixa Econ\u00f4mica Federal informa\u00e7\u00f5es sobre o cronograma da campanha anual de vacina\u00e7\u00e3o contra H1N1. \u201cA vacina\u00e7\u00e3o faz parte da pol\u00edtica interna da sa\u00fade do trabalhador, sendo uma medida que pode diminuir a incid\u00eancia dessa doen\u00e7a [&hellip;]<\/p>\n","protected":false},"author":2,"featured_media":10753,"comment_status":"","ping_status":"","sticky":false,"template":"","format":"standard","meta":{"footnotes":""},"categories":[3],"tags":[],"class_list":["post-10754","post","type-post","status-publish","format-standard","has-post-thumbnail","hentry","category-noticias"],"_links":{"self":[{"href":"https:\/\/hostnetart.com.br\/baixada\/wp-json\/wp\/v2\/posts\/10754","targetHints":{"allow":["GET"]}}],"collection":[{"href":"https:\/\/hostnetart.com.br\/baixada\/wp-json\/wp\/v2\/posts"}],"about":[{"href":"https:\/\/hostnetart.com.br\/baixada\/wp-json\/wp\/v2\/types\/post"}],"author":[{"embeddable":true,"href":"https:\/\/hostnetart.com.br\/baixada\/wp-json\/wp\/v2\/users\/2"}],"replies":[{"embeddable":true,"href":"https:\/\/hostnetart.com.br\/baixada\/wp-json\/wp\/v2\/comments?post=10754"}],"version-history":[{"count":0,"href":"https:\/\/hostnetart.com.br\/baixada\/wp-json\/wp\/v2\/posts\/10754\/revisions"}],"wp:featuredmedia":[{"embeddable":true,"href":"https:\/\/hostnetart.com.br\/baixada\/wp-json\/wp\/v2\/media\/10753"}],"wp:attachment":[{"href":"https:\/\/hostnetart.com.br\/baixada\/wp-json\/wp\/v2\/media?parent=10754"}],"wp:term":[{"taxonomy":"category","embeddable":true,"href":"https:\/\/hostnetart.com.br\/baixada\/wp-json\/wp\/v2\/categories?post=10754"},{"taxonomy":"post_tag","embeddable":true,"href":"https:\/\/hostnetart.com.br\/baixada\/wp-json\/wp\/v2\/tags?post=10754"}],"curies":[{"name":"wp","href":"https:\/\/api.w.org\/{rel}","templated":true}]}}