{"id":10742,"date":"2021-04-08T18:00:17","date_gmt":"2021-04-08T21:00:17","guid":{"rendered":"https:\/\/hostnetart.com.br\/baixada\/relatorio-do-fmi-mostra-que-recuperacao-economica-dos-paises-dependera-de-agilidade-na-vacinacao\/"},"modified":"2021-04-08T18:00:17","modified_gmt":"2021-04-08T21:00:17","slug":"relatorio-do-fmi-mostra-que-recuperacao-economica-dos-paises-dependera-de-agilidade-na-vacinacao","status":"publish","type":"post","link":"https:\/\/hostnetart.com.br\/baixada\/relatorio-do-fmi-mostra-que-recuperacao-economica-dos-paises-dependera-de-agilidade-na-vacinacao\/","title":{"rendered":"Relat\u00f3rio do FMI mostra que recupera\u00e7\u00e3o econ\u00f4mica dos pa\u00edses depender\u00e1 de agilidade na vacina\u00e7\u00e3o"},"content":{"rendered":"<p>Relat\u00f3rio do Fundo Monet\u00e1rio Internacional (FMI), divulgado nesta semana, contrap\u00f5e a<a href=\"https:\/\/www.redebrasilatual.com.br\/economia\/2021\/04\/saude-economia-bolsonaro-paulo-guedes-faces-mesma-tragedia\/\" target=\"_blank\" rel=\"noopener noreferrer\">\u00a0falsa dicotomia entre salvar a economia ou a vida na pandemia\u00a0<\/a>de covid-19 que j\u00e1 matou mais de 3 milh\u00f5es de pessoas no mundo. De acordo com a organiza\u00e7\u00e3o, a recupera\u00e7\u00e3o econ\u00f4mica de cada pa\u00eds depender\u00e1, na verdade, dos esfor\u00e7os das na\u00e7\u00f5es para garantir a melhor\u00a0<a href=\"https:\/\/www.redebrasilatual.com.br\/saude-e-ciencia\/2021\/04\/vacinacao-privada-aprovacao-brasil\/\" target=\"_blank\" rel=\"noopener noreferrer\">distribui\u00e7\u00e3o de vacinas<\/a>. Tamb\u00e9m para o FMI a vacina\u00e7\u00e3o \u00e9 fundamental.\u00a0<\/p>\n<p>As proje\u00e7\u00f5es do fundo, contudo, alertam que a retomada da economia tem se dado de\u00a0<a href=\"https:\/\/www.redebrasilatual.com.br\/economia\/2021\/04\/brasil-tem-19-milhoes-de-famintos-e-20-novos-bilionarios-durante-a-pandemia\/\" target=\"_blank\" rel=\"noopener noreferrer\">maneira desigual entre os pa\u00edses<\/a>. O relat\u00f3rio do FMI praticamente divide o mundo em dois. De lado est\u00e3o as na\u00e7\u00f5es mais ricas, que t\u00eam conseguido promover pol\u00edticas de apoio econ\u00f4mico e tamb\u00e9m de vacina\u00e7\u00e3o em massa. E que, por consequ\u00eancia, v\u00e3o se recuperar mais r\u00e1pido. Do outro, est\u00e3o os pa\u00edses chamados emergentes e mais pobres que ter\u00e3o mais dificuldades de retomada por n\u00e3o terem investido suficientemente no apoio e na imuniza\u00e7\u00e3o.<\/p>\n<p>Nesse sentido, a expectativa do FMI \u00e9 que a economia brasileira cres\u00e7a 3,7% neste ano e 2,6% em 2022. Bem abaixo do crescimento econ\u00f4mico mundial, estimado em 6% para este ano e 4,4% para o pr\u00f3ximo. Pelas previs\u00f5es do fundo, o Brasil tamb\u00e9m deve ser um dos \u00fanicos pa\u00edses do hemisf\u00e9rio ocidental a<a href=\"https:\/\/www.redebrasilatual.com.br\/economia\/2021\/04\/recorde-de-desemprego-brasil-situacao-piorar\/\" target=\"_blank\" rel=\"noopener noreferrer\">\u00a0ter a taxa de desemprego mais alta<\/a>\u00a0do que em 2020. O FMI projeta um crescimento de 13,2% para 14,5% neste ano.\u00a0<\/p>\n<h3><strong>Nem sa\u00fade, nem economia: o caso brasileiro<\/strong><\/h3>\n<p>\u201cO relat\u00f3rio do FMI deixa claro que aqueles que lidam melhor com a quest\u00e3o da sa\u00fade e da vida est\u00e3o tendo uma recupera\u00e7\u00e3o econ\u00f4mica. Isso \u00e9 um recado para o atual governo brasileiro que precisa minimamente repensar sua posi\u00e7\u00e3o em rela\u00e7\u00e3o \u00e0 pandemia\u201d, destaca o diretor t\u00e9cnico do Dieese, Fausto Augusto J\u00fanior. Em entrevista a Glauco Faria, em sua coluna no\u00a0<strong>Jornal Brasil Atual<\/strong>,\u00a0o especialista adverte que apesar da institui\u00e7\u00e3o falar em recupera\u00e7\u00e3o, o crescimento, considerado baixo no Brasil, ser\u00e1 tamb\u00e9m insuficiente para repor as perdas econ\u00f4micas no primeiro ano da crise sanit\u00e1ria. \u201cAs pr\u00f3prias previs\u00f5es do FMI est\u00e3o superestimadas, porque o mercado brasileiro j\u00e1 trabalha com uma taxa de crescimento abaixo dos 3%\u201d, explica.\u00a0<\/p>\n<p>A\u00a0<a href=\"https:\/\/www.redebrasilatual.com.br\/economia\/2021\/03\/desempenho-economia-brasileira-pib\/\" target=\"_blank\" rel=\"noopener noreferrer\">queda econ\u00f4mica brasileira\u00a0<\/a>\u00e9 maior do que em outras na\u00e7\u00f5es inclusive da Am\u00e9rica do Sul e do Norte. De acordo com o fundo, na Argentina, por exemplo, o desemprego cair\u00e1 de 11,4% para 10,6%. Nos Estados Unidos a taxa ser\u00e1 ainda menor, passando de 8,1% para 5,8%. Em todos os casos, o ritmo de vacina\u00e7\u00e3o de cada na\u00e7\u00e3o ser\u00e1 decisivo para confirmar as proje\u00e7\u00f5es.\u00a0<\/p>\n<p>Mas no Brasil, as perspectivas quanto a isso tamb\u00e9m s\u00e3o menos promissoras. At\u00e9 o final de mar\u00e7o, segundo c\u00e1lculos do Our World in Data, ligado \u00e0 Universidade de Oxford, o pa\u00eds estava em 64\u00ba no ranking mundial de vacina\u00e7\u00e3o em termos de popula\u00e7\u00e3o imunizada. O Brasil inclusive perdeu sua vantagem em rela\u00e7\u00e3o aos Estados Unidos, garantida pelo Sistema \u00danico de Sa\u00fade (SUS) e o programa refer\u00eancia em imuniza\u00e7\u00e3o. Os norte-americanos vacinam diariamente quatro vezes mais, segundo o mesmo portal.\u00a0<\/p>\n<h3><strong>Brasil contr\u00e1rio \u00e0 quebra de patente<\/strong><\/h3>\n<p>\u201cO Brasil perdeu uma oportunidade e desmontou o que tinha de excel\u00eancia\u201d, critica Fausto. \u201cVamos lembrar que na crise anterior, da pandemia do H1N1, o Brasil vacinou mais de 70 milh\u00f5es de pessoas em menos de tr\u00eas meses. Isso porque tinha uma clara a\u00e7\u00e3o coordenada do Minist\u00e9rio da Sa\u00fade, do SUS. O que vemos \u00e9 o contr\u00e1rio. Um governo federal que nega a quest\u00e3o da pandemia (de covid) e come\u00e7ou a falar de vacina agora, com seu quarto ministro da Sa\u00fade.\u201d\u00a0<\/p>\n<p>A quest\u00e3o se agrava \u00e0 medida que faltam tamb\u00e9m doses para todos os pa\u00edses, principalmente para os mais pobres, empurrados para o final da fila de compra. Enquanto na\u00e7\u00f5es mais ricas adquirem mais vacinas do que precisam, mais de 100 pa\u00edses ainda n\u00e3o conseguiram come\u00e7ar sua campanha de imuniza\u00e7\u00e3o. Em paralelo, a Organiza\u00e7\u00e3o Mundial da Sa\u00fade (OMS) vem\u00a0<a href=\"https:\/\/www.bbc.com\/portuguese\/internacional-56647693\" target=\"_blank\" rel=\"noopener noreferrer\">defendendo a quebra de patente dos imunizantes<\/a>. O que levaria a pre\u00e7os mais baixos e significaria mais vacinas sendo produzidas. Mas, apesar da tr\u00e1gica situa\u00e7\u00e3o do Brasil, entre os recordistas mundiais por mortes e adoecimentos pela covid-19, o governo Bolsonaro \u00e9 um dos poucos pa\u00edses que se posiciona contra essa solu\u00e7\u00e3o.\u00a0<\/p>\n<p>A posi\u00e7\u00e3o, segundo o Diesse, prova que o Brasil tamb\u00e9m retrocede no campo diplom\u00e1tico. Ao contr\u00e1rio do que era visto desde os governos de Fernando Henrique Cardoso (PSDB) aos de Lula e Dilma (PT), considerados fundamentais para barateamento dos medicamentos contra o HIV e sua posterior quebra de patentes.\u00a0\u201cO que estamos vivendo tem significado uma pol\u00edtica do caos. Ao excepcionalizar, separar a vida e a economia, (o governo) est\u00e1 levando ao po\u00e7o a nossa economia no geral. Mas, principalmente, est\u00e1 matando uma quantidade enorme de vidas que poderiam ser poupadas com enfrentamento mais racional dessa crise\u201d, lamenta Fausto.\u00a0<\/p>\n<p><strong>Fonte: Rede Brasil Atual<\/strong><\/p>\n","protected":false},"excerpt":{"rendered":"<p>Relat\u00f3rio do Fundo Monet\u00e1rio Internacional (FMI), divulgado nesta semana, contrap\u00f5e a\u00a0falsa dicotomia entre salvar a economia ou a vida na pandemia\u00a0de covid-19 que j\u00e1 matou mais de 3 milh\u00f5es de pessoas no mundo. De acordo com a organiza\u00e7\u00e3o, a recupera\u00e7\u00e3o econ\u00f4mica de cada pa\u00eds depender\u00e1, na verdade, dos esfor\u00e7os das na\u00e7\u00f5es para garantir a melhor\u00a0distribui\u00e7\u00e3o [&hellip;]<\/p>\n","protected":false},"author":2,"featured_media":10741,"comment_status":"","ping_status":"","sticky":false,"template":"","format":"standard","meta":{"footnotes":""},"categories":[3],"tags":[],"class_list":["post-10742","post","type-post","status-publish","format-standard","has-post-thumbnail","hentry","category-noticias"],"_links":{"self":[{"href":"https:\/\/hostnetart.com.br\/baixada\/wp-json\/wp\/v2\/posts\/10742","targetHints":{"allow":["GET"]}}],"collection":[{"href":"https:\/\/hostnetart.com.br\/baixada\/wp-json\/wp\/v2\/posts"}],"about":[{"href":"https:\/\/hostnetart.com.br\/baixada\/wp-json\/wp\/v2\/types\/post"}],"author":[{"embeddable":true,"href":"https:\/\/hostnetart.com.br\/baixada\/wp-json\/wp\/v2\/users\/2"}],"replies":[{"embeddable":true,"href":"https:\/\/hostnetart.com.br\/baixada\/wp-json\/wp\/v2\/comments?post=10742"}],"version-history":[{"count":0,"href":"https:\/\/hostnetart.com.br\/baixada\/wp-json\/wp\/v2\/posts\/10742\/revisions"}],"wp:featuredmedia":[{"embeddable":true,"href":"https:\/\/hostnetart.com.br\/baixada\/wp-json\/wp\/v2\/media\/10741"}],"wp:attachment":[{"href":"https:\/\/hostnetart.com.br\/baixada\/wp-json\/wp\/v2\/media?parent=10742"}],"wp:term":[{"taxonomy":"category","embeddable":true,"href":"https:\/\/hostnetart.com.br\/baixada\/wp-json\/wp\/v2\/categories?post=10742"},{"taxonomy":"post_tag","embeddable":true,"href":"https:\/\/hostnetart.com.br\/baixada\/wp-json\/wp\/v2\/tags?post=10742"}],"curies":[{"name":"wp","href":"https:\/\/api.w.org\/{rel}","templated":true}]}}