{"id":10734,"date":"2021-04-08T03:19:49","date_gmt":"2021-04-08T06:19:49","guid":{"rendered":"https:\/\/hostnetart.com.br\/baixada\/trt-mantem-contratacoes-dos-empregados-da-caixa-dos-concursos-de-2014\/"},"modified":"2021-04-08T03:19:49","modified_gmt":"2021-04-08T06:19:49","slug":"trt-mantem-contratacoes-dos-empregados-da-caixa-dos-concursos-de-2014","status":"publish","type":"post","link":"https:\/\/hostnetart.com.br\/baixada\/trt-mantem-contratacoes-dos-empregados-da-caixa-dos-concursos-de-2014\/","title":{"rendered":"TRT mant\u00e9m contrata\u00e7\u00f5es dos empregados da Caixa dos concursos de 2014"},"content":{"rendered":"<p>A Segunda Turma do Tribunal Regional do Trabalho da 10\u00aa Regi\u00e3o (Distrito Federal e Tocantins) manteve a contrata\u00e7\u00e3o dos empregados aprovados nos concursos da Caixa Econ\u00f4mica Federal de 2014. O julgamento foi realizado na tarde desta quarta-feira (7). A A\u00e7\u00e3o Civil P\u00fablica do Minist\u00e9rio P\u00fablico do Trabalho, que tinha como assistentes a Confedera\u00e7\u00e3o Nacional dos Trabalhadores do Ramo Financeiro (Contraf-CUT) e a Federa\u00e7\u00e3o Nacional das Associa\u00e7\u00f5es do Pessoal da Caixa (Fenae) j\u00e1 apresentava decis\u00e3o favor\u00e1vel aos empregados em Primeira Inst\u00e2ncia.<\/p>\n<p>O processo tamb\u00e9m garante que, em caso de abertura de novo edital de contrata\u00e7\u00f5es, seja garantida a prioridade dos aprovados nos concursos de 2014. \u201c\u00c9 uma grande vit\u00f3ria para os empregados da Caixa, que j\u00e1 est\u00e3o sobrecarregados desde o in\u00edcio da pandemia. O que precisamos \u00e9 de mais contrata\u00e7\u00f5es, n\u00e3o o cancelamento das que j\u00e1 foram feitas\u201d, avaliou Fabiana Uehara Proscholdt, coordenadora da Comiss\u00e3o Executiva dos Empregados (CEE-Caixa) e secret\u00e1ria da Cultura da Contraf-CUT.<\/p>\n<p>Fabiana vai participar da live que debater\u00e1 os desdobramentos do julgamento, ao lado do presidente da Fenae, S\u00e9rgio Takemoto, do presidente do Sindicato dos Banc\u00e1rios do Distrito Federal, Kleyton Moraes, e do advogado da LBS, Paulo Roberto. A transmiss\u00e3o ser\u00e1 feita no<a href=\"https:\/\/www.facebook.com\/contrafcut\" target=\"_blank\" rel=\"noopener noreferrer\">\u00a0Facebook da Contraf-CUT<\/a>.<\/p>\n<p><strong>Fonte: Contraf-CUT<\/strong><\/p>\n","protected":false},"excerpt":{"rendered":"<p>A Segunda Turma do Tribunal Regional do Trabalho da 10\u00aa Regi\u00e3o (Distrito Federal e Tocantins) manteve a contrata\u00e7\u00e3o dos empregados aprovados nos concursos da Caixa Econ\u00f4mica Federal de 2014. O julgamento foi realizado na tarde desta quarta-feira (7). A A\u00e7\u00e3o Civil P\u00fablica do Minist\u00e9rio P\u00fablico do Trabalho, que tinha como assistentes a Confedera\u00e7\u00e3o Nacional dos [&hellip;]<\/p>\n","protected":false},"author":2,"featured_media":10733,"comment_status":"","ping_status":"","sticky":false,"template":"","format":"standard","meta":{"footnotes":""},"categories":[3],"tags":[],"class_list":["post-10734","post","type-post","status-publish","format-standard","has-post-thumbnail","hentry","category-noticias"],"_links":{"self":[{"href":"https:\/\/hostnetart.com.br\/baixada\/wp-json\/wp\/v2\/posts\/10734","targetHints":{"allow":["GET"]}}],"collection":[{"href":"https:\/\/hostnetart.com.br\/baixada\/wp-json\/wp\/v2\/posts"}],"about":[{"href":"https:\/\/hostnetart.com.br\/baixada\/wp-json\/wp\/v2\/types\/post"}],"author":[{"embeddable":true,"href":"https:\/\/hostnetart.com.br\/baixada\/wp-json\/wp\/v2\/users\/2"}],"replies":[{"embeddable":true,"href":"https:\/\/hostnetart.com.br\/baixada\/wp-json\/wp\/v2\/comments?post=10734"}],"version-history":[{"count":0,"href":"https:\/\/hostnetart.com.br\/baixada\/wp-json\/wp\/v2\/posts\/10734\/revisions"}],"wp:featuredmedia":[{"embeddable":true,"href":"https:\/\/hostnetart.com.br\/baixada\/wp-json\/wp\/v2\/media\/10733"}],"wp:attachment":[{"href":"https:\/\/hostnetart.com.br\/baixada\/wp-json\/wp\/v2\/media?parent=10734"}],"wp:term":[{"taxonomy":"category","embeddable":true,"href":"https:\/\/hostnetart.com.br\/baixada\/wp-json\/wp\/v2\/categories?post=10734"},{"taxonomy":"post_tag","embeddable":true,"href":"https:\/\/hostnetart.com.br\/baixada\/wp-json\/wp\/v2\/tags?post=10734"}],"curies":[{"name":"wp","href":"https:\/\/api.w.org\/{rel}","templated":true}]}}