{"id":10732,"date":"2021-04-08T03:16:46","date_gmt":"2021-04-08T06:16:46","guid":{"rendered":"https:\/\/hostnetart.com.br\/baixada\/farra-do-boi-esta-aberta-no-banco-do-brasil-diz-representante-dos-funcionarios\/"},"modified":"2021-04-08T03:16:46","modified_gmt":"2021-04-08T06:16:46","slug":"farra-do-boi-esta-aberta-no-banco-do-brasil-diz-representante-dos-funcionarios","status":"publish","type":"post","link":"https:\/\/hostnetart.com.br\/baixada\/farra-do-boi-esta-aberta-no-banco-do-brasil-diz-representante-dos-funcionarios\/","title":{"rendered":"\u201cFarra do boi\u2019 est\u00e1 aberta no Banco do Brasil\u201d, diz representante dos funcion\u00e1rios"},"content":{"rendered":"<p>O novo presidente do Banco do Brasil, Fausto Ribeiro, efetivado no cargo na quinta-feira (1), por meio de decreto, \u00e9 contestado desde antes de assumir o cargo. Diretores aumentam em 28% seus pr\u00f3prios sal\u00e1rios e Conselheiros de Administra\u00e7\u00e3o n\u00e3o impedem o aumento, que tamb\u00e9m os beneficia. \u201c\u00c9 a verdadeira farra do boi! Cada um por si, mas todos tirando proveito da coisa p\u00fablica\u201d, criticou o coordenador da Comiss\u00e3o de Empresa dos Funcion\u00e1rios do Banco do Brasil (CEBB), Jo\u00e3o Fukunaga. \u201cEsse aumento de 28% nos sal\u00e1rios dos diretores est\u00e1 manchado pela redu\u00e7\u00e3o de 5.000 postos de trabalho, pelo fechamento de 160 ag\u00eancias banc\u00e1rias, milhares de pessoas tendo que concorrer aos cargos para dispon\u00edveis para n\u00e3o terem redu\u00e7\u00e3o em seus sal\u00e1rios, que est\u00e1 decretada para quem n\u00e3o conseguir uma das vagas. A reestrutura\u00e7\u00e3o que visava economizar, serviu para os diretores aumentarem seus pr\u00f3prios sal\u00e1rios, assim como o valor dos dividendos pagos aos acionistas dos banco\u201d, completou.<\/p>\n<p>O representante dos funcion\u00e1rios tamb\u00e9m criticou os comentaristas econ\u00f4micos. \u201cA imprensa, estimulada por analistas do mercado financeiro, dizia que era preciso ter algu\u00e9m que defendesse a privatiza\u00e7\u00e3o do banco e que a escolha de um funcion\u00e1rio de carreira prejudicaria as a\u00e7\u00f5es neste sentido. Por que defendem a privatiza\u00e7\u00e3o de um banco extremamente importante para o desenvolvimento do pa\u00eds? Por que privatizar um banco que n\u00e3o traz preju\u00edzos ao pa\u00eds, ao contr\u00e1rio, mesmo realizando todas suas tarefas sociais e de desenvolvimento econ\u00f4mico que um banco p\u00fablico deve realizar, consegue se pagar e ainda contribui com dividendos para o Tesouro Nacional? Que interesses existem atr\u00e1s desta defesa?\u201d, questionou o coordenador da CEBB.<\/p>\n<h3><strong>Ribeiro e seu comunicado<\/strong><\/h3>\n<p>Fausto Ribeiro, que tem 33 anos de carreira no BB, enviou um comunicado aos funcion\u00e1rios destacando a import\u00e2ncia do banco e dos pr\u00f3prios funcion\u00e1rios, mas ressaltando a necessidade do \u201cretorno\u201d aos acionistas.<\/p>\n<p>\u201cFoi um comunicado padr\u00e3o. Depois que mostramos para toda a sociedade os problemas que seriam causados aos munic\u00edpios, aos clientes e a toda a economia do pa\u00eds pela desestrutura\u00e7\u00e3o anunciada pelo banco em janeiro, o governo teve que desacelerar suas a\u00e7\u00f5es\u201d, avaliou o coordenador da CEBB ao ressaltar as manifesta\u00e7\u00f5es e articula\u00e7\u00f5es feitas pelos banc\u00e1rios e suas representa\u00e7\u00f5es sindicais em todo o pa\u00eds contra a \u201creestrutura\u00e7\u00e3o\u201d do BB.<\/p>\n<p>Para Fukunaga, trata-se apenas um jogo de cena estrat\u00e9gico do governo, que v\u00ea sua popularidade despencar desde a decis\u00e3o do Supremo Tribunal Federal, que reestabeleceu os direitos pol\u00edticos e eleitorais do ex-presidente Lula.<\/p>\n<p>\u201cEngana-se quem acredita que a desestrutura\u00e7\u00e3o ser\u00e1 interrompida. Ribeiro \u00e9 um nome do governo, que, por meio de Paulo Guedes (ministro da Economia), j\u00e1 deixou clara sua inten\u00e7\u00e3o de privatizar o Banco do Brasil. Bolsonaro, estrategicamente, quer deixar para toc\u00e1-la em 2023, ap\u00f3s sua reelei\u00e7\u00e3o. A mudan\u00e7a de rumo s\u00f3 vir\u00e1 mesmo se Bolsonaro n\u00e3o for eleito e, ao inv\u00e9s disso, for eleito algu\u00e9m que, historicamente defende o banco p\u00fablico\u201d, ressaltou.<\/p>\n<h3><strong>A farra do boi<\/strong><\/h3>\n<p>Pior do que Ribeiro, que est\u00e1 sendo usado para desacelerar a privatiza\u00e7\u00e3o, numa tentativa de recuperar credibilidade e evitar rebeli\u00f5es na base aliada, \u00e9 a \u201cfarra do boi\u201d promovida pelos diretores e n\u00e3o evitada pelo Conselho de Administra\u00e7\u00e3o.<\/p>\n<p>\u201cDa mesma forma que se critica vereadores e deputados que aumentam seus pr\u00f3prios sal\u00e1rios, os diretores do BB \u2013 que tomaram a mesma iniciativa \u2013 n\u00e3o devem ser poupados\u201d, defendeu Fukunaga. \u201cN\u00e3o podemos esquecer, ainda, que al\u00e9m de aumentar seus sal\u00e1rios, eles aprovaram a possibilidade da pr\u00f3pria continuidade no cargo em caso de aposentadoria, numa clara demonstra\u00e7\u00e3o que querem manter a \u2018boquinha\u2019 e acumular recursos. Enquanto isso, os demais funcion\u00e1rios s\u00e3o massacrados por uma desestrutura\u00e7\u00e3o que os deixar\u00e1 sobrecarregados e com possibilidades de serem jogados para o trabalho em cidades distintas das que moram\u201d, completou.<\/p>\n<h3><strong>Mobiliza\u00e7\u00e3o continua<\/strong><\/h3>\n<p>A mobiliza\u00e7\u00e3o em defesa do Banco do Brasil e de seus funcion\u00e1rios, contra a redu\u00e7\u00e3o do quadro de pessoal e o fechamento de ag\u00eancias, que levar\u00e1 \u00e0 desestrutura\u00e7\u00e3o da rede de atendimento e causar\u00e1 preju\u00edzo a cidades, clientes e aos trabalhadores do banco continuar\u00e1 at\u00e9 que se confirme sua interrup\u00e7\u00e3o e se reponha o quadro de funcion\u00e1rios.<\/p>\n<p>\u201cCidades n\u00e3o podem ficar sem ag\u00eancias banc\u00e1rias. O desenvolvimento n\u00e3o pode ser prejudicado. O atendimento e as condi\u00e7\u00f5es de trabalho n\u00e3o podem ser precarizados. Nossa luta \u00e9 em defesa do desenvolvimento econ\u00f4mico do pa\u00eds, dos direitos dos clientes e dos funcion\u00e1rios\u201d, concluiu Fukunaga, lembrando que, nesta quinta-feira (8), ocorrer\u00e3o manifesta\u00e7\u00f5es em todo o pa\u00eds e, \u00e0s 11h, a manifesta\u00e7\u00e3o ser\u00e1 realizada pelas redes sociais. \u201cVamos realizar mais um tuita\u00e7o para deixar claro que n\u00e3o queremos a desestrutura\u00e7\u00e3o do banco e nos manteremos firmes em nossas reivindica\u00e7\u00f5es\u201d.<\/p>\n<p><strong>Fonte: Contraf-CUT<\/strong><\/p>\n","protected":false},"excerpt":{"rendered":"<p>O novo presidente do Banco do Brasil, Fausto Ribeiro, efetivado no cargo na quinta-feira (1), por meio de decreto, \u00e9 contestado desde antes de assumir o cargo. Diretores aumentam em 28% seus pr\u00f3prios sal\u00e1rios e Conselheiros de Administra\u00e7\u00e3o n\u00e3o impedem o aumento, que tamb\u00e9m os beneficia. \u201c\u00c9 a verdadeira farra do boi! Cada um por [&hellip;]<\/p>\n","protected":false},"author":2,"featured_media":10731,"comment_status":"","ping_status":"","sticky":false,"template":"","format":"standard","meta":{"footnotes":""},"categories":[3],"tags":[],"class_list":["post-10732","post","type-post","status-publish","format-standard","has-post-thumbnail","hentry","category-noticias"],"_links":{"self":[{"href":"https:\/\/hostnetart.com.br\/baixada\/wp-json\/wp\/v2\/posts\/10732","targetHints":{"allow":["GET"]}}],"collection":[{"href":"https:\/\/hostnetart.com.br\/baixada\/wp-json\/wp\/v2\/posts"}],"about":[{"href":"https:\/\/hostnetart.com.br\/baixada\/wp-json\/wp\/v2\/types\/post"}],"author":[{"embeddable":true,"href":"https:\/\/hostnetart.com.br\/baixada\/wp-json\/wp\/v2\/users\/2"}],"replies":[{"embeddable":true,"href":"https:\/\/hostnetart.com.br\/baixada\/wp-json\/wp\/v2\/comments?post=10732"}],"version-history":[{"count":0,"href":"https:\/\/hostnetart.com.br\/baixada\/wp-json\/wp\/v2\/posts\/10732\/revisions"}],"wp:featuredmedia":[{"embeddable":true,"href":"https:\/\/hostnetart.com.br\/baixada\/wp-json\/wp\/v2\/media\/10731"}],"wp:attachment":[{"href":"https:\/\/hostnetart.com.br\/baixada\/wp-json\/wp\/v2\/media?parent=10732"}],"wp:term":[{"taxonomy":"category","embeddable":true,"href":"https:\/\/hostnetart.com.br\/baixada\/wp-json\/wp\/v2\/categories?post=10732"},{"taxonomy":"post_tag","embeddable":true,"href":"https:\/\/hostnetart.com.br\/baixada\/wp-json\/wp\/v2\/tags?post=10732"}],"curies":[{"name":"wp","href":"https:\/\/api.w.org\/{rel}","templated":true}]}}