{"id":10726,"date":"2021-04-07T03:52:35","date_gmt":"2021-04-07T06:52:35","guid":{"rendered":"https:\/\/hostnetart.com.br\/baixada\/contraf-cut-solicita-inclusao-dos-bancarios-no-plano-nacional-de-imunizacao\/"},"modified":"2021-04-07T03:52:35","modified_gmt":"2021-04-07T06:52:35","slug":"contraf-cut-solicita-inclusao-dos-bancarios-no-plano-nacional-de-imunizacao","status":"publish","type":"post","link":"https:\/\/hostnetart.com.br\/baixada\/contraf-cut-solicita-inclusao-dos-bancarios-no-plano-nacional-de-imunizacao\/","title":{"rendered":"Contraf-CUT solicita inclus\u00e3o dos banc\u00e1rios no Plano Nacional de Imuniza\u00e7\u00e3o"},"content":{"rendered":"<p>A Confedera\u00e7\u00e3o Nacional dos Trabalhadores do Ramo Financeiro (Contraf-CUT) enviou um of\u00edcio \u00e0 deputada federal Celina Le\u00e3o (PP-DF), relatora do Projeto de Lei que estabelece prioridade para 16 grupos dentro do plano de vacina\u00e7\u00e3o contra a Covid-19, para solicitar a inclus\u00e3o da categoria banc\u00e1ria no Plano Nacional de Imuniza\u00e7\u00e3o (PNI), em car\u00e1ter emergencial.<\/p>\n<p>Na semana passada, ap\u00f3s diverg\u00eancias na C\u00e2mara dos Deputados, a vota\u00e7\u00e3o do PL foi adiada. O texto original do projeto, de autoria do deputado Vicentinho J\u00fanior (PL-TO) e outros, inclui nos grupos priorit\u00e1rios os caminhoneiros aut\u00f4nomos e profissionais do transporte de cargas e mercadorias. J\u00e1 o texto-base da relatora tamb\u00e9m prioriza os trabalhadores de transporte coletivo rodovi\u00e1rio e metrovi\u00e1rio de passageiros; as pessoas com doen\u00e7as cr\u00f4nicas e que tiveram embolia pulmonar; e os agentes de seguran\u00e7a p\u00fablica e privada, desde que estejam comprovadamente em atividade externa.<\/p>\n<p>A Contraf-CUT reivindica que os banc\u00e1rios tamb\u00e9m estejam nesta lista, j\u00e1 que a atividade banc\u00e1ria \u00e9 considerada essencial nos termos do Decreto n\u00b0 10.282 de 20 de mar\u00e7o de 2020, alterado pelo Decreto n\u00b0 10.329 de 28 de abril de 2020, que regulamenta a Lei n\u00b0 13.979 de 6 de fevereiro de 2020 e tem por finalidade atender \u00e0s demandas de todos os clientes, usu\u00e1rios dos servi\u00e7os e de toda a sociedade, inclusive dos benefici\u00e1rios das pol\u00edticas p\u00fablicas vigentes, como o aux\u00edlio emergencial.<\/p>\n<p>\u201cEsta importante atividade tem se mantido ativa e em funcionamento em todo o territ\u00f3rio nacional e a categoria banc\u00e1ria vem prestando o servi\u00e7o com a m\u00e1xima efici\u00eancia, considerando as condi\u00e7\u00f5es que lhe s\u00e3o disponibilizadas, mesmo neste contexto de agravamento do quadro de contamina\u00e7\u00f5es pelo novo coronav\u00edrus\u201d, afirmou Mauro Salles, secret\u00e1rio de Sa\u00fade da Contraf-CUT. \u201cCom vistas a garantir a seguran\u00e7a e a integridade destes profissionais que atuam na linha de frente do atendimento banc\u00e1rio, onde j\u00e1 se registram centenas de casos de contamina\u00e7\u00e3o, adoecimento e \u00f3bitos, a vacina\u00e7\u00e3o contra a Covid-19 assume destacado papel para continuidade desse servi\u00e7o essencial ao povo brasileiro\u201d, completou o secret\u00e1rio de Sa\u00fade da Contraf-CUT.<\/p>\n<p>Mauro Salles lembrou ainda que, apesar desta reivindica\u00e7\u00e3o, a Contraf-CUT continua, como sempre fez, a defender que a vacina\u00e7\u00e3o seja para todos. \u201cLutamos para que os banc\u00e1rios, como categoria essencial e cujas caracter\u00edsticas da atividade tem um potencial alto de transmissibilidade do v\u00edrus, sejam inclu\u00eddos na lista de prioridades. Mas n\u00e3o podemos aceitar lobbys de setores que est\u00e3o sendo inclu\u00eddos pelo governo sem crit\u00e9rios cient\u00edficos, somente por quest\u00f5es pol\u00edticas\u201d, observou. \u201cA imuniza\u00e7\u00e3o contra a Covid-19 \u00e9 um direito do povo brasileiro e \u00e9 uma obriga\u00e7\u00e3o do governo federal coordenar uma estrat\u00e9gia nacional de vacina\u00e7\u00e3o e prover as vacinas, seguras e eficazes, que dever\u00e3o ser aplicadas em toda popula\u00e7\u00e3o brasileira. Temos no Brasil o SUS, o sistema p\u00fablico de sa\u00fade mais eficaz do mundo, mas o flagrante despreparo e a omiss\u00e3o do governo federal seguem impedindo o devido processo de vacina\u00e7\u00e3o em massa dentro dos par\u00e2metros epidemiol\u00f3gicos adequados. A sa\u00fade e a vida t\u00eam que ser prioridade absoluta e a melhora da atividade econ\u00f4mica est\u00e1 intimamente ligada \u00e0 vacina\u00e7\u00e3o, s\u00f3 quando o v\u00edrus for contido a normalidade ser\u00e1 poss\u00edvel. #VacinaJ\u00e1ParaTodos\u201d, finalizou.<\/p>\n<p><strong>Fonte: Contraf-CUT<\/strong><\/p>\n","protected":false},"excerpt":{"rendered":"<p>A Confedera\u00e7\u00e3o Nacional dos Trabalhadores do Ramo Financeiro (Contraf-CUT) enviou um of\u00edcio \u00e0 deputada federal Celina Le\u00e3o (PP-DF), relatora do Projeto de Lei que estabelece prioridade para 16 grupos dentro do plano de vacina\u00e7\u00e3o contra a Covid-19, para solicitar a inclus\u00e3o da categoria banc\u00e1ria no Plano Nacional de Imuniza\u00e7\u00e3o (PNI), em car\u00e1ter emergencial. Na semana [&hellip;]<\/p>\n","protected":false},"author":2,"featured_media":10725,"comment_status":"","ping_status":"","sticky":false,"template":"","format":"standard","meta":{"footnotes":""},"categories":[3],"tags":[],"class_list":["post-10726","post","type-post","status-publish","format-standard","has-post-thumbnail","hentry","category-noticias"],"_links":{"self":[{"href":"https:\/\/hostnetart.com.br\/baixada\/wp-json\/wp\/v2\/posts\/10726","targetHints":{"allow":["GET"]}}],"collection":[{"href":"https:\/\/hostnetart.com.br\/baixada\/wp-json\/wp\/v2\/posts"}],"about":[{"href":"https:\/\/hostnetart.com.br\/baixada\/wp-json\/wp\/v2\/types\/post"}],"author":[{"embeddable":true,"href":"https:\/\/hostnetart.com.br\/baixada\/wp-json\/wp\/v2\/users\/2"}],"replies":[{"embeddable":true,"href":"https:\/\/hostnetart.com.br\/baixada\/wp-json\/wp\/v2\/comments?post=10726"}],"version-history":[{"count":0,"href":"https:\/\/hostnetart.com.br\/baixada\/wp-json\/wp\/v2\/posts\/10726\/revisions"}],"wp:featuredmedia":[{"embeddable":true,"href":"https:\/\/hostnetart.com.br\/baixada\/wp-json\/wp\/v2\/media\/10725"}],"wp:attachment":[{"href":"https:\/\/hostnetart.com.br\/baixada\/wp-json\/wp\/v2\/media?parent=10726"}],"wp:term":[{"taxonomy":"category","embeddable":true,"href":"https:\/\/hostnetart.com.br\/baixada\/wp-json\/wp\/v2\/categories?post=10726"},{"taxonomy":"post_tag","embeddable":true,"href":"https:\/\/hostnetart.com.br\/baixada\/wp-json\/wp\/v2\/tags?post=10726"}],"curies":[{"name":"wp","href":"https:\/\/api.w.org\/{rel}","templated":true}]}}