{"id":10724,"date":"2021-04-07T03:51:16","date_gmt":"2021-04-07T06:51:16","guid":{"rendered":"https:\/\/hostnetart.com.br\/baixada\/cut-e-frente-brasil-popular-organizam-mobilizacoes-em-defesa-da-vacina-e-do-emprego\/"},"modified":"2021-04-07T03:51:16","modified_gmt":"2021-04-07T06:51:16","slug":"cut-e-frente-brasil-popular-organizam-mobilizacoes-em-defesa-da-vacina-e-do-emprego","status":"publish","type":"post","link":"https:\/\/hostnetart.com.br\/baixada\/cut-e-frente-brasil-popular-organizam-mobilizacoes-em-defesa-da-vacina-e-do-emprego\/","title":{"rendered":"CUT e Frente Brasil Popular organizam mobiliza\u00e7\u00f5es em defesa da vacina e do emprego"},"content":{"rendered":"<p>Os banc\u00e1rios de todo o Brasil v\u00e3o participar das mobiliza\u00e7\u00f5es convocadas pela Central \u00danica dos Trabalhadores (CUT) e pela Frente Brasil Popular, nesta quarta-feira (7), Dia Mundial da Sa\u00fade, para reivindicar #VacinaJ\u00e1ParaTodos.<\/p>\n<p>\u201cOs banc\u00e1rios estar\u00e3o integrados nas atividades chamadas pela CUT e movimentos sociais, pois nunca foi t\u00e3o importante marcarmos o Dia Mundial da Sa\u00fade, como neste momento. Salvar vidas necessita de ampla mobiliza\u00e7\u00e3o e informa\u00e7\u00e3o fidedigna. E, para salvar nosso pa\u00eds e o nosso povo, temos que dar um jeito de tirar Bolsonaro e sua tropa de s\u00e1dicos do governo\u201d, afirmou Mauro Salles, secret\u00e1rio de Sa\u00fade da Confedera\u00e7\u00e3o Nacional dos Trabalhadores do Ramo Financeiro (Contraf-CUT).<\/p>\n<h3>Dia Mundial da Sa\u00fade em plena pandemia<\/h3>\n<p>Criado em 7 de abril de 1948 pela Organiza\u00e7\u00e3o Mundial da Sa\u00fade (OMS) para conscientizar a sociedade sobre qualidade de vida e sobre fatores que afetam a sa\u00fade da popula\u00e7\u00e3o, o Dia Mundial da Sa\u00fade ser\u00e1 simb\u00f3lico este ano, especialmente no Brasil.<\/p>\n<p>Os brasileiros enfrentam a maior crise sanit\u00e1ria de sua hist\u00f3ria com o agravamento da pandemia do novo coronav\u00edrus. Com aproximadamente 3% da popula\u00e7\u00e3o mundial, o Brasil concentra 30% de novas infec\u00e7\u00f5es registradas diariamente em todo o planeta. Especialistas na \u00e1rea de sa\u00fade apontam que abril pode ser o pior m\u00eas da pandemia at\u00e9 agora e que, se nada for feito, o Brasil ter\u00e1 um total de 600 mil mortes at\u00e9 julho.<\/p>\n<p>Por isso, no Dia Mundial da Sa\u00fade, a CUT, demais centrais sindicais e os movimentos sociais v\u00e3o ter como foco central da luta ser\u00e1 pelo #ForaBolsonaro. \u201cA CUT definiu em suas resolu\u00e7\u00f5es elencar o #ForaBolsonaro como luta central. \u00c9 imprescind\u00edvel associar isso a todas as lutas, como as pela vacina e pelo emprego, porque com ele no governo n\u00e3o vamos conseguir reverter essa situa\u00e7\u00e3o\u201d, diz a secret\u00e1ria de Sa\u00fade do Trabalhador da CUT, Madalena Margarida Silva.<\/p>\n<p>\u201cEste \u00e9 o momento em que a CUT e seus sindicatos filiados refor\u00e7am a defesa da vida e a prote\u00e7\u00e3o aos empregos. Temos um mote esse ano que \u00e9 \u2018salvar vidas, proteger o trabalho, vacina para todos e todas e em defesa da quebra de patentes\u201d, afirma a dirigente.<\/p>\n<p>Quando fala em \u2018quebra de patentes\u2019, a secret\u00e1ria se refere a licen\u00e7a compuls\u00f3ria ou obrigat\u00f3ria de patentes que, na pr\u00e1tica, significa uma suspens\u00e3o tempor\u00e1ria do direito de exclusividade do dono do produto, a chamada patente, que permite a produ\u00e7\u00e3o, uso, venda ou importa\u00e7\u00e3o do produto ou processo patenteado, por um terceiro, desde que tenha sido colocado no mercado.<\/p>\n<p>\u201cH\u00e1 uma necessidade, um chamado global sobre a import\u00e2ncia da quebra de patentes. Entendemos que \u00e9 fundamental para diminuirmos os custos de vacinas e insumos para que possam ser fabricadas em larga escala, por mais laborat\u00f3rios e assim, garantir que todos ao redor do mundo possam ser vacinados\u201d, explica a dirigente.<\/p>\n<h3>Live da CUT<\/h3>\n<p>No final do dia, a CUT realiza uma live, \u00e0s 19h, para debater o atual cen\u00e1rio brasileiro. Entre os convidados, o senador, m\u00e9dico e ex-ministro da Sa\u00fade, Humberto Costa (PT), o m\u00e9dico sanitarista e pesquisador da Fiocruz Claudio Maierovitch, e Fernando Pigatto, presidente do Conselho Nacional de Sa\u00fade. Pela CUT participam a secret\u00e1ria de Sa\u00fade do Trabalhador da Central, Madalena Margarida Silva, e Antonio Lisboa, secret\u00e1rio de Rela\u00e7\u00f5es Internacionais.<\/p>\n<p>Na live, um dos pontos a serem abordados ser\u00e1 a vacina\u00e7\u00e3o no Brasil, outro ponto fraco do governo federal. Por neglig\u00eancia do governo Bolsonaro, a imuniza\u00e7\u00e3o dos brasileiros come\u00e7ou tardiamente. Tamb\u00e9m houve um desprezo na aquisi\u00e7\u00e3o doses. Bolsonaro chegou a negar a compra de imunizantes da Pfizer em setembro do ano passado, chamou a vacina produzida pelo Instituto Butantan de vacina chinesa, disse que n\u00e3o tomaria e duvidou da sua efic\u00e1cia. Paralelamente, o presidente insiste em defender o chamado tratamento precoce com medicamentos sem efic\u00e1cia comprovada.<\/p>\n<p>Para Madalena Silva, o tema das vacinas \u00e9 de extrema import\u00e2ncia j\u00e1 que, de acordo com cientistas, a maneira mais segura de frear a pandemia \u00e9 a combina\u00e7\u00e3o de isolamento social com imuniza\u00e7\u00e3o em massa.<\/p>\n<p>N\u00e3o menos importante \u00e9 a defesa pelo isolamento social, t\u00e3o combatido por Bolsonaro. \u201cPa\u00edses que adotaram o lockdown conseguiram diminuir o n\u00famero de casos\u201d, lembra Madalena Silva. No Brasil, exemplos de cidades como Araraquara, no interior de SP, comprovam que a medida \u00e9 eficaz no controle das infec\u00e7\u00f5es.<\/p>\n<p>A secret\u00e1ria de Sa\u00fade da CUT aponta o lockdown como essencial para a defesa da vida dos trabalhadores e alerta que a defesa do emprego, com prote\u00e7\u00e3o social tamb\u00e9m \u00e9 fundamental. \u201c\u00c9 a classe trabalhadora que est\u00e1 se contaminando no transporte quando vai para o trabalho, porque n\u00e3o houve a\u00e7\u00e3o coordenada em n\u00edvel nacional para que o v\u00edrus n\u00e3o circulasse. Para a situa\u00e7\u00e3o n\u00e3o piorar ainda mais \u00e9 urgente um lockdown nacional de 21 dias, que a CUT defende, com prote\u00e7\u00e3o aos empregos e com recursos [do governo para garantir a sobreviv\u00eancia econ\u00f4mica das pessoas e para os hospitais\u201d, diz Madalena Silva.<\/p>\n<p>A live da CUT \u201cSalvar vidas, proteger o trabalho, vacina para todos e todas e em defesa da quebra de patentes\u201d ser\u00e1 transmitida pelas redes sociais da central \u2013 Facebook e Youtube \u2013 a partir das 19h<\/p>\n<h3>Mobiliza\u00e7\u00e3o social<\/h3>\n<p>A CUT e movimentos sociais que fazem parte da Frente Brasil Popular far\u00e3o mobiliza\u00e7\u00f5es nas redes sociais e em v\u00e1rias cidades do pa\u00eds com foco na defesa do SUS e pelo \u2018fora, Bolsonaro\u2019. A hashtag principal deste dia ser\u00e1 #SUSSalvaVidaEleN\u00e3o. Um tuita\u00e7o est\u00e1 programado para as 11h.<\/p>\n<p>A mobiliza\u00e7\u00e3o tamb\u00e9m \u00e9 em defesa da vacina\u00e7\u00e3o para todos e todas e na den\u00fancia da responsabilidade de Bolsonaro nos n\u00fameros terr\u00edveis de doentes e mortos no Brasil.<\/p>\n<p>Os atos ser\u00e3o simb\u00f3licos com no m\u00e1ximo 10 pessoas em locais estrat\u00e9gicos com panfletagens e cartazes para conscientizar a popula\u00e7\u00e3o e est\u00e3o programados para acontecer a partir das 9h.<\/p>\n<p><strong>Fonte: Contraf-CUT<\/strong><\/p>\n","protected":false},"excerpt":{"rendered":"<p>Os banc\u00e1rios de todo o Brasil v\u00e3o participar das mobiliza\u00e7\u00f5es convocadas pela Central \u00danica dos Trabalhadores (CUT) e pela Frente Brasil Popular, nesta quarta-feira (7), Dia Mundial da Sa\u00fade, para reivindicar #VacinaJ\u00e1ParaTodos. \u201cOs banc\u00e1rios estar\u00e3o integrados nas atividades chamadas pela CUT e movimentos sociais, pois nunca foi t\u00e3o importante marcarmos o Dia Mundial da Sa\u00fade, [&hellip;]<\/p>\n","protected":false},"author":2,"featured_media":10723,"comment_status":"","ping_status":"","sticky":false,"template":"","format":"standard","meta":{"footnotes":""},"categories":[3],"tags":[],"class_list":["post-10724","post","type-post","status-publish","format-standard","has-post-thumbnail","hentry","category-noticias"],"_links":{"self":[{"href":"https:\/\/hostnetart.com.br\/baixada\/wp-json\/wp\/v2\/posts\/10724","targetHints":{"allow":["GET"]}}],"collection":[{"href":"https:\/\/hostnetart.com.br\/baixada\/wp-json\/wp\/v2\/posts"}],"about":[{"href":"https:\/\/hostnetart.com.br\/baixada\/wp-json\/wp\/v2\/types\/post"}],"author":[{"embeddable":true,"href":"https:\/\/hostnetart.com.br\/baixada\/wp-json\/wp\/v2\/users\/2"}],"replies":[{"embeddable":true,"href":"https:\/\/hostnetart.com.br\/baixada\/wp-json\/wp\/v2\/comments?post=10724"}],"version-history":[{"count":0,"href":"https:\/\/hostnetart.com.br\/baixada\/wp-json\/wp\/v2\/posts\/10724\/revisions"}],"wp:featuredmedia":[{"embeddable":true,"href":"https:\/\/hostnetart.com.br\/baixada\/wp-json\/wp\/v2\/media\/10723"}],"wp:attachment":[{"href":"https:\/\/hostnetart.com.br\/baixada\/wp-json\/wp\/v2\/media?parent=10724"}],"wp:term":[{"taxonomy":"category","embeddable":true,"href":"https:\/\/hostnetart.com.br\/baixada\/wp-json\/wp\/v2\/categories?post=10724"},{"taxonomy":"post_tag","embeddable":true,"href":"https:\/\/hostnetart.com.br\/baixada\/wp-json\/wp\/v2\/tags?post=10724"}],"curies":[{"name":"wp","href":"https:\/\/api.w.org\/{rel}","templated":true}]}}