{"id":10722,"date":"2021-04-06T03:44:34","date_gmt":"2021-04-06T06:44:34","guid":{"rendered":"https:\/\/hostnetart.com.br\/baixada\/empregados-da-caixa-fazem-tuitaco-por-mais-contratacoes-em-defesa-da-plr-e-da-caixa-100-publica-nesta-terca-feira-6-participe\/"},"modified":"2021-04-06T03:44:34","modified_gmt":"2021-04-06T06:44:34","slug":"empregados-da-caixa-fazem-tuitaco-por-mais-contratacoes-em-defesa-da-plr-e-da-caixa-100-publica-nesta-terca-feira-6-participe","status":"publish","type":"post","link":"https:\/\/hostnetart.com.br\/baixada\/empregados-da-caixa-fazem-tuitaco-por-mais-contratacoes-em-defesa-da-plr-e-da-caixa-100-publica-nesta-terca-feira-6-participe\/","title":{"rendered":"Empregados da Caixa fazem tuita\u00e7o por mais contrata\u00e7\u00f5es, em defesa da PLR e da Caixa 100% p\u00fablica nesta ter\u00e7a-feira (6). Participe!"},"content":{"rendered":"<p>Para defender a Caixa 100% p\u00fablica, o pagamento justo da Participa\u00e7\u00e3o nos Lucros ou Resultados (PLR) e por mais contrata\u00e7\u00f5es para a Caixa, as entidades representativas e o movimento sindical, juntamente com os trabalhadores do banco, v\u00e3o fazer um tuita\u00e7o nesta ter\u00e7a-feira (6), a partir das 14h.<\/p>\n<p>As hashtags utilizadas para mobiliza\u00e7\u00e3o ser\u00e3o #PGNaoCumpreAcordo, #MaisEmpregadosMenosFilas e #Caixa100Publica. Participe e utilize as hashtags em suas redes sociais!<\/p>\n<p>Os empregados e os movimentos associativos t\u00eam denunciado a falta de respeito da dire\u00e7\u00e3o com banco aos direitos dos trabalhadores. A coordenadora da Comiss\u00e3o Executiva dos Empregados (CEE\/Caixa) e secret\u00e1ria da Cultura da Confedera\u00e7\u00e3o Nacional dos Trabalhadores do Ramo Financeiro (Contraf-CUT), Fabiana Uehara Prosholdt, considerou que o erro no pagamento da PLR, feito com base na divis\u00e3o linear entre todos os empregados de 3% do lucro l\u00edquido, e n\u00e3o de 4%, como determina o Acordo Coletivo de Trabalho (ACT) vigente, foi \u201cm\u00e1 f\u00e9\u201d da dire\u00e7\u00e3o do banco.<\/p>\n<p>\u201cA PLR est\u00e1 condicionada ao desempenho da Caixa em programas sociais. Utilizar as metas comerciais desumanas para avaliar o desempenho dos colegas \u00e9 uma falta de respeito. Os empregados superaram a meta em outros itens e a Caixa n\u00e3o considerou. Isso \u00e9 m\u00e1 f\u00e9! Onde est\u00e1 a valoriza\u00e7\u00e3o dos empregados? \u201d, questionou.<\/p>\n<p>A necessidade de mais contrata\u00e7\u00f5es \u00e9 outro assunto que ser\u00e1 levantado nas redes sociais. Recentemente a Caixa anunciou a contrata\u00e7\u00e3o de mais 2.766 empregados \u2013 j\u00e1 inclu\u00eddas as 566 em andamento, mas n\u00famero insuficiente para cobrir o d\u00e9ficit de quase 20 mil trabalhadores. Para o presidente da Federa\u00e7\u00e3o Nacional das Associa\u00e7\u00f5es do Pessoal da Caixa Econ\u00f4mica Federal (Fenae), Sergio Takemoto, a mobiliza\u00e7\u00e3o dos trabalhadores e entidades \u00e9 fundamental para coibir a retirada de qualquer direito. \u201cOs trabalhadores est\u00e3o atuando sob um grande estresse devido \u00e0s jornadas exaustivas, ao trabalho em ambientes com alto risco de exposi\u00e7\u00e3o ao coronav\u00edrus e \u00e0 cobran\u00e7a por metas desumanas. Com a abertura de novas ag\u00eancias e volta do aux\u00edlio emergencial, os empregados v\u00e3o adoecer, um a um. N\u00e3o vamos permitir. \u00c9 urgente que a Caixa convoque os concursados de 2014\u201d, alertou.<\/p>\n<p>O julgamento da A\u00e7\u00e3o Civil P\u00fablica (ACP) do Minist\u00e9rio P\u00fablico do Trabalho, que trata da contrata\u00e7\u00e3o dos concursados da Caixa de 2014, est\u00e1 marcado para o dia 7 de abril, no Tribunal Regional do Trabalho da 10\u00aa Regi\u00e3o (DF\/TO). A ACP a Contraf\/CUT e a Fenae como assistentes. A orienta\u00e7\u00e3o \u00e9 que os empregados se vistam de preto na data.<\/p>\n<p><strong>Fonte: Contraf-CUT<\/strong><\/p>\n","protected":false},"excerpt":{"rendered":"<p>Para defender a Caixa 100% p\u00fablica, o pagamento justo da Participa\u00e7\u00e3o nos Lucros ou Resultados (PLR) e por mais contrata\u00e7\u00f5es para a Caixa, as entidades representativas e o movimento sindical, juntamente com os trabalhadores do banco, v\u00e3o fazer um tuita\u00e7o nesta ter\u00e7a-feira (6), a partir das 14h. As hashtags utilizadas para mobiliza\u00e7\u00e3o ser\u00e3o #PGNaoCumpreAcordo, #MaisEmpregadosMenosFilas [&hellip;]<\/p>\n","protected":false},"author":2,"featured_media":10721,"comment_status":"","ping_status":"","sticky":false,"template":"","format":"standard","meta":{"footnotes":""},"categories":[3],"tags":[],"class_list":["post-10722","post","type-post","status-publish","format-standard","has-post-thumbnail","hentry","category-noticias"],"_links":{"self":[{"href":"https:\/\/hostnetart.com.br\/baixada\/wp-json\/wp\/v2\/posts\/10722","targetHints":{"allow":["GET"]}}],"collection":[{"href":"https:\/\/hostnetart.com.br\/baixada\/wp-json\/wp\/v2\/posts"}],"about":[{"href":"https:\/\/hostnetart.com.br\/baixada\/wp-json\/wp\/v2\/types\/post"}],"author":[{"embeddable":true,"href":"https:\/\/hostnetart.com.br\/baixada\/wp-json\/wp\/v2\/users\/2"}],"replies":[{"embeddable":true,"href":"https:\/\/hostnetart.com.br\/baixada\/wp-json\/wp\/v2\/comments?post=10722"}],"version-history":[{"count":0,"href":"https:\/\/hostnetart.com.br\/baixada\/wp-json\/wp\/v2\/posts\/10722\/revisions"}],"wp:featuredmedia":[{"embeddable":true,"href":"https:\/\/hostnetart.com.br\/baixada\/wp-json\/wp\/v2\/media\/10721"}],"wp:attachment":[{"href":"https:\/\/hostnetart.com.br\/baixada\/wp-json\/wp\/v2\/media?parent=10722"}],"wp:term":[{"taxonomy":"category","embeddable":true,"href":"https:\/\/hostnetart.com.br\/baixada\/wp-json\/wp\/v2\/categories?post=10722"},{"taxonomy":"post_tag","embeddable":true,"href":"https:\/\/hostnetart.com.br\/baixada\/wp-json\/wp\/v2\/tags?post=10722"}],"curies":[{"name":"wp","href":"https:\/\/api.w.org\/{rel}","templated":true}]}}