{"id":10714,"date":"2021-04-01T04:00:19","date_gmt":"2021-04-01T07:00:19","guid":{"rendered":"https:\/\/hostnetart.com.br\/baixada\/projeto-aprovado-no-senado-combate-desigualdade-salarial-entre-homens-e-mulheres\/"},"modified":"2021-04-01T04:00:19","modified_gmt":"2021-04-01T07:00:19","slug":"projeto-aprovado-no-senado-combate-desigualdade-salarial-entre-homens-e-mulheres","status":"publish","type":"post","link":"https:\/\/hostnetart.com.br\/baixada\/projeto-aprovado-no-senado-combate-desigualdade-salarial-entre-homens-e-mulheres\/","title":{"rendered":"Projeto aprovado no Senado combate desigualdade salarial entre homens e mulheres"},"content":{"rendered":"<p>O Senado Federal aprovou nesta ter\u00e7a-feira (30) o projeto de lei que combate a diferen\u00e7a salarial entre homens e mulheres que exer\u00e7am atividades id\u00eanticas na mesma fun\u00e7\u00e3o na empresa. O projeto, de autoria do senador Paulo Paim (PT-RS), tinha sido aprovado anteriormente pela C\u00e2mara dos Deputados e agora segue para san\u00e7\u00e3o presidencial.<\/p>\n<p>A proposta altera a Consolida\u00e7\u00e3o das Leis do Trabalho (CLT) para estabelecer multa de at\u00e9 cinco vezes o valor das diferen\u00e7as salariais constatadas durante o per\u00edodo de contrata\u00e7\u00e3o. O valor da multa seria revertido em favor da trabalhadora alvo da discrimina\u00e7\u00e3o.<\/p>\n<p>Para o autor do projeto, \u00e9 importante estabelecer mecanismos que ajudem a modificar a situa\u00e7\u00e3o de desigualdade atual. \u201cEm 2019, na m\u00e9dia, as mulheres receberam 77,7% da remunera\u00e7\u00e3o dos homens\u201d destaca Paulo Paim.<\/p>\n<p>Luta de d\u00e9cadas<\/p>\n<p>Para a secret\u00e1ria da Mulher da Confedera\u00e7\u00e3o Nacional dos Trabalhadores do Ramo Financeiro (Contraf-CUT), Elaine Cutis, o projeto \u00e9 importante para combater uma situa\u00e7\u00e3o hist\u00f3rica para as trabalhadoras brasileiras, inclusive as banc\u00e1rias. \u201cAs banc\u00e1rias lutam h\u00e1 d\u00e9cadas contra essa desigualdade. Conseguimos grandes avan\u00e7os, mas as diferen\u00e7as perduram. Um estudo do Dieese (Departamento Intersindical de Estat\u00edstica e Estudos Socioecon\u00f4micos) mostra que no ritmo atual, as mulheres banc\u00e1rias levar\u00e3o 88 anos para que seus rendimentos se equiparem ao dos colegas homens\u201d, ressaltou a secret\u00e1ria.<\/p>\n<p>Elaine Cutis lembra que neste m\u00eas de mar\u00e7o de 2021 o Coletivo de Mulheres da Contraf se reuniu com representantes da Federa\u00e7\u00e3o Nacional dos Bancos (Fenaban) para cobrar a perman\u00eancia da desigualdade salarial no setor. \u201cCom a san\u00e7\u00e3o desse projeto, n\u00e3o tenho d\u00favidas que terremos uma importante ferramenta para cobrar ainda mais a igualdade salarial entre banc\u00e1rias e banc\u00e1rios\u201d, afirmou a secret\u00e1ria da Mulher da Contraf.<\/p>\n<p><strong>Fonte: Contraf-CUT<\/strong><\/p>\n","protected":false},"excerpt":{"rendered":"<p>O Senado Federal aprovou nesta ter\u00e7a-feira (30) o projeto de lei que combate a diferen\u00e7a salarial entre homens e mulheres que exer\u00e7am atividades id\u00eanticas na mesma fun\u00e7\u00e3o na empresa. O projeto, de autoria do senador Paulo Paim (PT-RS), tinha sido aprovado anteriormente pela C\u00e2mara dos Deputados e agora segue para san\u00e7\u00e3o presidencial. A proposta altera [&hellip;]<\/p>\n","protected":false},"author":2,"featured_media":10713,"comment_status":"","ping_status":"","sticky":false,"template":"","format":"standard","meta":{"footnotes":""},"categories":[3],"tags":[],"class_list":["post-10714","post","type-post","status-publish","format-standard","has-post-thumbnail","hentry","category-noticias"],"_links":{"self":[{"href":"https:\/\/hostnetart.com.br\/baixada\/wp-json\/wp\/v2\/posts\/10714","targetHints":{"allow":["GET"]}}],"collection":[{"href":"https:\/\/hostnetart.com.br\/baixada\/wp-json\/wp\/v2\/posts"}],"about":[{"href":"https:\/\/hostnetart.com.br\/baixada\/wp-json\/wp\/v2\/types\/post"}],"author":[{"embeddable":true,"href":"https:\/\/hostnetart.com.br\/baixada\/wp-json\/wp\/v2\/users\/2"}],"replies":[{"embeddable":true,"href":"https:\/\/hostnetart.com.br\/baixada\/wp-json\/wp\/v2\/comments?post=10714"}],"version-history":[{"count":0,"href":"https:\/\/hostnetart.com.br\/baixada\/wp-json\/wp\/v2\/posts\/10714\/revisions"}],"wp:featuredmedia":[{"embeddable":true,"href":"https:\/\/hostnetart.com.br\/baixada\/wp-json\/wp\/v2\/media\/10713"}],"wp:attachment":[{"href":"https:\/\/hostnetart.com.br\/baixada\/wp-json\/wp\/v2\/media?parent=10714"}],"wp:term":[{"taxonomy":"category","embeddable":true,"href":"https:\/\/hostnetart.com.br\/baixada\/wp-json\/wp\/v2\/categories?post=10714"},{"taxonomy":"post_tag","embeddable":true,"href":"https:\/\/hostnetart.com.br\/baixada\/wp-json\/wp\/v2\/tags?post=10714"}],"curies":[{"name":"wp","href":"https:\/\/api.w.org\/{rel}","templated":true}]}}