{"id":10712,"date":"2021-04-01T03:53:48","date_gmt":"2021-04-01T06:53:48","guid":{"rendered":"https:\/\/hostnetart.com.br\/baixada\/nesta-quinta-feira-1-tem-tuitaco-em-defesa-do-bb\/"},"modified":"2021-04-01T03:53:48","modified_gmt":"2021-04-01T06:53:48","slug":"nesta-quinta-feira-1-tem-tuitaco-em-defesa-do-bb","status":"publish","type":"post","link":"https:\/\/hostnetart.com.br\/baixada\/nesta-quinta-feira-1-tem-tuitaco-em-defesa-do-bb\/","title":{"rendered":"Nesta quinta-feira (1) tem tuita\u00e7o em defesa do BB"},"content":{"rendered":"<p>Ser\u00e1 nesta quinta-feira (1) o tuita\u00e7o contra as medidas de reestrutura\u00e7\u00f5es no Banco do Brasil. A atividade faz parte de um calend\u00e1rio de mobiliza\u00e7\u00e3o dos funcion\u00e1rios do banco. O objetivo \u00e9 mostrar a rejei\u00e7\u00e3o ao desmonte da institui\u00e7\u00e3o e tamb\u00e9m para informar \u00e0 sociedade sobre os riscos que o desmonte traz para o Banco do Brasil, uma institui\u00e7\u00e3o p\u00fablica a servi\u00e7o do desenvolvimento nacional.<\/p>\n<p>O tuita\u00e7o vai come\u00e7ar \u00e0s 11h. A proposta \u00e9 que, al\u00e9m dos funcion\u00e1rios do BB e de toda a categoria, outros setores sociais defendam o banco p\u00fablico amea\u00e7ado. A proposta \u00e9 que todos se manifestem nas redes sociais com a #BBoBancoDeTodos.<\/p>\n<p><strong>Fonte: Contraf-CUT<\/strong><\/p>\n","protected":false},"excerpt":{"rendered":"<p>Ser\u00e1 nesta quinta-feira (1) o tuita\u00e7o contra as medidas de reestrutura\u00e7\u00f5es no Banco do Brasil. A atividade faz parte de um calend\u00e1rio de mobiliza\u00e7\u00e3o dos funcion\u00e1rios do banco. O objetivo \u00e9 mostrar a rejei\u00e7\u00e3o ao desmonte da institui\u00e7\u00e3o e tamb\u00e9m para informar \u00e0 sociedade sobre os riscos que o desmonte traz para o Banco do [&hellip;]<\/p>\n","protected":false},"author":2,"featured_media":10711,"comment_status":"","ping_status":"","sticky":false,"template":"","format":"standard","meta":{"footnotes":""},"categories":[3],"tags":[],"class_list":["post-10712","post","type-post","status-publish","format-standard","has-post-thumbnail","hentry","category-noticias"],"_links":{"self":[{"href":"https:\/\/hostnetart.com.br\/baixada\/wp-json\/wp\/v2\/posts\/10712","targetHints":{"allow":["GET"]}}],"collection":[{"href":"https:\/\/hostnetart.com.br\/baixada\/wp-json\/wp\/v2\/posts"}],"about":[{"href":"https:\/\/hostnetart.com.br\/baixada\/wp-json\/wp\/v2\/types\/post"}],"author":[{"embeddable":true,"href":"https:\/\/hostnetart.com.br\/baixada\/wp-json\/wp\/v2\/users\/2"}],"replies":[{"embeddable":true,"href":"https:\/\/hostnetart.com.br\/baixada\/wp-json\/wp\/v2\/comments?post=10712"}],"version-history":[{"count":0,"href":"https:\/\/hostnetart.com.br\/baixada\/wp-json\/wp\/v2\/posts\/10712\/revisions"}],"wp:featuredmedia":[{"embeddable":true,"href":"https:\/\/hostnetart.com.br\/baixada\/wp-json\/wp\/v2\/media\/10711"}],"wp:attachment":[{"href":"https:\/\/hostnetart.com.br\/baixada\/wp-json\/wp\/v2\/media?parent=10712"}],"wp:term":[{"taxonomy":"category","embeddable":true,"href":"https:\/\/hostnetart.com.br\/baixada\/wp-json\/wp\/v2\/categories?post=10712"},{"taxonomy":"post_tag","embeddable":true,"href":"https:\/\/hostnetart.com.br\/baixada\/wp-json\/wp\/v2\/tags?post=10712"}],"curies":[{"name":"wp","href":"https:\/\/api.w.org\/{rel}","templated":true}]}}