{"id":10706,"date":"2021-03-31T03:19:57","date_gmt":"2021-03-31T06:19:57","guid":{"rendered":"https:\/\/hostnetart.com.br\/baixada\/eleicao-da-fundacao-itau-unibanco-e-adiada-para-o-mes-de-maio\/"},"modified":"2021-03-31T03:19:57","modified_gmt":"2021-03-31T06:19:57","slug":"eleicao-da-fundacao-itau-unibanco-e-adiada-para-o-mes-de-maio","status":"publish","type":"post","link":"https:\/\/hostnetart.com.br\/baixada\/eleicao-da-fundacao-itau-unibanco-e-adiada-para-o-mes-de-maio\/","title":{"rendered":"Elei\u00e7\u00e3o da Funda\u00e7\u00e3o Ita\u00fa Unibanco \u00e9 adiada para o m\u00eas de maio"},"content":{"rendered":"<p>Devido \u00e0 antecipa\u00e7\u00e3o de feriados em diversos estados do pa\u00eds, a comiss\u00e3o eleitoral divulgou novo calend\u00e1rio das elei\u00e7\u00f5es para a Funda\u00e7\u00e3o Ita\u00fa Unibanco. A nova data da elei\u00e7\u00e3o ser\u00e1 entre os dias 5 e 13 de maio. Com a altera\u00e7\u00e3o, o mandato da diretoria atual, tamb\u00e9m ser\u00e1 prorrogado para m\u00eas de agosto de 2021, seguindo orienta\u00e7\u00f5es da Previc (superintend\u00eancia nacional de previd\u00eancia complementar). A posse dos eleitos ser\u00e1 no dia 2 de agosto.<\/p>\n<p>\u201c\u00c9 o nosso futuro que est\u00e1 em jogo, portanto temos que ficar atentos ao novo calend\u00e1rio e \u00e0s regras do processo, que ser\u00e1 de maneira virtual. Como houve altera\u00e7\u00e3o na forma de vota\u00e7\u00e3o, chamamos a aten\u00e7\u00e3o do participante, para que ele possa ter tempo h\u00e1bil para cadastrar sua senha junto \u00e0 Funda\u00e7\u00e3o Ita\u00fa Unibanco, caso ainda n\u00e3o tenha uma senha\u201d, ressaltou a dirigente da Fetec-CUT\/SP Erica Godoy, atual conselheira deliberativa da Funda\u00e7\u00e3o.<\/p>\n<p><strong>Contraf-CUT apoia a Chapa 1<\/strong><\/p>\n<p>A Confedera\u00e7\u00e3o Nacional dos Trabalhadores do Ramo Financeiro (Contraf-CUT) acredita que os representantes eleitos devem ser comprometidos com os interesses dos trabalhadores, por isso, apoia a Chapa 1 \u2013 \u201cFunda\u00e7\u00e3o para todos, o futuro \u00e9 nosso\u201d, por seu compromisso com a transpar\u00eancia, maior representatividade dos participantes, e melhorias nos planos.<\/p>\n<p>\u201cOs participantes da Funda\u00e7\u00e3o Ita\u00fa-Unibanco t\u00eam uma grande responsabilidade em suas m\u00e3os, pois v\u00e3o eleger os conselheiros deliberativos e fiscais e os representantes nos Comit\u00eas de Gest\u00e3o de cada um dos planos de benef\u00edcios. E sabemos que a Chapa 1 \u00e9 formada por uma ampla representatividade, comprometida com a luta de um futuro melhor para todos\u201d, afirmou Jair Alves, coordenador da COE Ita\u00fa.<\/p>\n<p><strong>Fiquem por dentro<\/strong><\/p>\n<p>Poder\u00e3o votar os banc\u00e1rios ativos e assistidos, que sejam participantes da Funda\u00e7\u00e3o Ita\u00fa e estejam alocados em um plano.<\/p>\n<p>A vota\u00e7\u00e3o ser\u00e1 virtual, somente pelo site: www.fundacaoitauunibanco.com.br, com o participante utilizando sua senha cadastrada junto \u00e0 Funda\u00e7\u00e3o.<\/p>\n<p>A apura\u00e7\u00e3o ser\u00e1 dia 13\/05 e a divulga\u00e7\u00e3o dos eleitos do dia 14\/05 ao17\/05.<\/p>\n<p>Para a vota\u00e7\u00e3o nos conselhos, o participante vota na chapa. J\u00e1 para a elei\u00e7\u00e3o dos Comit\u00eas de Gest\u00e3o de Planos, o voto \u00e9 individual.<\/p>\n<p>Chapa 1 \u2013 Funda\u00e7\u00e3o para todos, o futuro \u00e9 nosso<\/p>\n<p><strong>Confira, abaixo, a composi\u00e7\u00e3o da Chapa 1.<\/strong><\/p>\n<p>\u2022\u00a0\u00a0\u00a0\u00a0\u00a0\u00a0\u00a0\u00a0\u00a0\u00a0\u00a0\u00a0 Para o Conselho Deliberativo: Carlos Damarindo (diretor do Sindicato dos Banc\u00e1rios de S\u00e3o Paulo) e Mauri S\u00e9rgio (efetivos); e Erica Godoy e Kelly Fernanda, como suplentes.<\/p>\n<p>\u2022\u00a0\u00a0\u00a0\u00a0\u00a0\u00a0\u00a0\u00a0\u00a0\u00a0\u00a0\u00a0 Para o Conselho Fiscal: Onisio Paulo Machado e Liliane Oliveira (efetivos); e na supl\u00eancia por Adriano Campos Rodrigues e Antonio Augusto B de Borges.<\/p>\n<p>Os candidatos aos Comit\u00eas de Gest\u00e3o dos Planos da Chapa 1 s\u00e3o:<\/p>\n<p>\u2022\u00a0\u00a0\u00a0\u00a0\u00a0\u00a0\u00a0\u00a0\u00a0\u00a0\u00a0\u00a0 Ativos: Marcelo Abra\u00e3o (PAC 3); Jos\u00e9 Geraldo Martins (Prebeg); Maikon Azzi (Futuro Inteligente e Itaubank-Ativos); Marco Antonio Pereira (Itaubanco CD \u2013 Ativos); Denia Almeida (Itaulan, Franprev, outros)<\/p>\n<p>\u2022\u00a0\u00a0\u00a0\u00a0\u00a0\u00a0\u00a0\u00a0\u00a0\u00a0\u00a0\u00a0 Assistidos: Maria Helena Francisco (Itaubanco CD); Roberto Alvez de Souza (Itaucard); Clarice Torquato (Futuro Inteligente); Carlos Gouveia, o Carlinhos (Pac).<\/p>\n<p>Para a vota\u00e7\u00e3o nos conselhos, o participante vota na chapa. J\u00e1 para a elei\u00e7\u00e3o dos Comit\u00eas de Gest\u00e3o de Planos, o voto \u00e9 individual.<\/p>\n<p>Os candidatos formam uma chapa ampla, com representantes de v\u00e1rias regi\u00f5es do pa\u00eds.<\/p>\n<p>Veja as principais propostas da Chapa 1<\/p>\n<p>\u2022\u00a0\u00a0\u00a0\u00a0\u00a0\u00a0\u00a0\u00a0\u00a0\u00a0\u00a0\u00a0 Previd\u00eancia para todos: queremos um fundo de pens\u00e3o privado fechado para todos os funcion\u00e1rios que ainda n\u00e3o possuem um plano de previd\u00eancia fechada.<\/p>\n<p>\u2022\u00a0\u00a0\u00a0\u00a0\u00a0\u00a0\u00a0\u00a0\u00a0\u00a0\u00a0\u00a0 Para aproximadamente 21 mil participantes do plano Itaubanco CD, debater sobre a distribui\u00e7\u00e3o de saldo excedente em 2020 do fundo previdencial.<\/p>\n<p>\u2022\u00a0\u00a0\u00a0\u00a0\u00a0\u00a0\u00a0\u00a0\u00a0\u00a0\u00a0\u00a0 Criar alternativas para os participantes do Franprev num modelo semelhante ao Itaubanco CD.<\/p>\n<p>\u2022\u00a0\u00a0\u00a0\u00a0\u00a0\u00a0\u00a0\u00a0\u00a0\u00a0\u00a0\u00a0 Queremos que os participantes tenham direito a uma vaga na diretoria da Funda\u00e7\u00e3o.<\/p>\n<p>\u2022\u00a0\u00a0\u00a0\u00a0\u00a0\u00a0\u00a0\u00a0\u00a0\u00a0\u00a0\u00a0 Queremos, no Futuro Inteligente, fazer revis\u00e3o das condi\u00e7\u00f5es atuais do plano, introduzindo o Benef\u00edcio M\u00ednimo e an\u00e1lise do valor da UP.<\/p>\n<p>\u2022\u00a0\u00a0\u00a0\u00a0\u00a0\u00a0\u00a0\u00a0\u00a0\u00a0\u00a0\u00a0 Reabertura da migra\u00e7\u00e3o do PAC para o Itaubanco CD.<\/p>\n<p>\u2022\u00a0\u00a0\u00a0\u00a0\u00a0\u00a0\u00a0\u00a0\u00a0\u00a0\u00a0\u00a0 IJMS \u2013 mais transpar\u00eancia.<\/p>\n<p>\u00a0<\/p>\n<p><strong>Fonte: Contraf-CUT<\/strong><\/p>\n","protected":false},"excerpt":{"rendered":"<p>Devido \u00e0 antecipa\u00e7\u00e3o de feriados em diversos estados do pa\u00eds, a comiss\u00e3o eleitoral divulgou novo calend\u00e1rio das elei\u00e7\u00f5es para a Funda\u00e7\u00e3o Ita\u00fa Unibanco. A nova data da elei\u00e7\u00e3o ser\u00e1 entre os dias 5 e 13 de maio. Com a altera\u00e7\u00e3o, o mandato da diretoria atual, tamb\u00e9m ser\u00e1 prorrogado para m\u00eas de agosto de 2021, seguindo [&hellip;]<\/p>\n","protected":false},"author":2,"featured_media":10705,"comment_status":"","ping_status":"","sticky":false,"template":"","format":"standard","meta":{"footnotes":""},"categories":[3],"tags":[],"class_list":["post-10706","post","type-post","status-publish","format-standard","has-post-thumbnail","hentry","category-noticias"],"_links":{"self":[{"href":"https:\/\/hostnetart.com.br\/baixada\/wp-json\/wp\/v2\/posts\/10706","targetHints":{"allow":["GET"]}}],"collection":[{"href":"https:\/\/hostnetart.com.br\/baixada\/wp-json\/wp\/v2\/posts"}],"about":[{"href":"https:\/\/hostnetart.com.br\/baixada\/wp-json\/wp\/v2\/types\/post"}],"author":[{"embeddable":true,"href":"https:\/\/hostnetart.com.br\/baixada\/wp-json\/wp\/v2\/users\/2"}],"replies":[{"embeddable":true,"href":"https:\/\/hostnetart.com.br\/baixada\/wp-json\/wp\/v2\/comments?post=10706"}],"version-history":[{"count":0,"href":"https:\/\/hostnetart.com.br\/baixada\/wp-json\/wp\/v2\/posts\/10706\/revisions"}],"wp:featuredmedia":[{"embeddable":true,"href":"https:\/\/hostnetart.com.br\/baixada\/wp-json\/wp\/v2\/media\/10705"}],"wp:attachment":[{"href":"https:\/\/hostnetart.com.br\/baixada\/wp-json\/wp\/v2\/media?parent=10706"}],"wp:term":[{"taxonomy":"category","embeddable":true,"href":"https:\/\/hostnetart.com.br\/baixada\/wp-json\/wp\/v2\/categories?post=10706"},{"taxonomy":"post_tag","embeddable":true,"href":"https:\/\/hostnetart.com.br\/baixada\/wp-json\/wp\/v2\/tags?post=10706"}],"curies":[{"name":"wp","href":"https:\/\/api.w.org\/{rel}","templated":true}]}}