{"id":10698,"date":"2021-03-29T16:26:42","date_gmt":"2021-03-29T19:26:42","guid":{"rendered":"https:\/\/hostnetart.com.br\/baixada\/contraf-cut-solicita-a-caixa-correcao-do-pagamento-da-plr-como-determina-a-act\/"},"modified":"2021-03-29T16:26:42","modified_gmt":"2021-03-29T19:26:42","slug":"contraf-cut-solicita-a-caixa-correcao-do-pagamento-da-plr-como-determina-a-act","status":"publish","type":"post","link":"https:\/\/hostnetart.com.br\/baixada\/contraf-cut-solicita-a-caixa-correcao-do-pagamento-da-plr-como-determina-a-act\/","title":{"rendered":"Contraf-CUT solicita \u00e0 Caixa corre\u00e7\u00e3o do pagamento da PLR como determina a ACT"},"content":{"rendered":"<p>A Confedera\u00e7\u00e3o Nacional dos Trabalhadores do Ramo Financeiro (Contraf-CUT), que o Sindicato dos Banc\u00e1rios da Baixada Fluminense faz parte, assessorada pela Comiss\u00e3o Executiva dos Empregados da Caixa (CEE\/Caixa), enviou of\u00edcio, nesta sexta-feira (26), \u00e0 dire\u00e7\u00e3o do banco p\u00fablico cobrando esclarecimentos quanto ao pagamento da Participa\u00e7\u00e3o nos Lucros ou Resultados (PLR) Fenaban e PLR Social aos empregados.<\/p>\n<p>Ap\u00f3s apura\u00e7\u00e3o do Departamento Intersindical de Estudos e Estat\u00edsticas Socioecon\u00f4micas (Dieese), que assessora a Contraf-CUT, se verificou que a Caixa pagou a PLR Social com base na divis\u00e3o linear entre todos os empregados de 3% do lucro l\u00edquido, e n\u00e3o de 4%, como determina o Acordo Coletivo de Trabalho (ACT) vigente, o que gerou uma perda que pode chegar at\u00e9 R$ 1.593,00, dependendo do empregado.\u00a0 Ainda segundo o Dieese, na primeira parcela da PLR Social, a Caixa fez o c\u00e1lculo correto, utilizando o valor de 4% do lucro do semestre.<\/p>\n<p>\u201cUm erro lament\u00e1vel. Visto que ap\u00f3s um ano de intenso trabalho dos empregados da Caixa, que se mostraram mais uma vez essenciais ao Brasil, fazendo o pagamento do aux\u00edlio emergencial \u00e0 popula\u00e7\u00e3o, os trabalhadores se deparam com esse desapontamento. \u00c9 absurdo o que est\u00e1 acontecendo com os empregados. Mesmo diante do grande esfor\u00e7o e empenho no atendimento \u00e0 popula\u00e7\u00e3o, cumprindo o papel social da Caixa, os colegas se deparam com esta falta de reconhecimento\u201d, contestou a coordenadora da CEE\/Caixa, Fabiana Uehara Proscholdt.<\/p>\n<p><strong>Falta clareza na discrimina\u00e7\u00e3o dos valos da PLR<\/strong><\/p>\n<p>De acordo com o of\u00edcio, os empregados reivindicam a discrimina\u00e7\u00e3o dos valores da PLR Fenaban e PLR Social da mesma forma como ocorria at\u00e9 o ano passado e o imediato pagamento correto da PLR Social aos empregados.<\/p>\n<p>Vale ressaltar que no dia 22 de mar\u00e7o, a CEE\/Caixa j\u00e1 havia solicitado ao banco a discrimina\u00e7\u00e3o do pagamento da PLR (PLR Caixa, PLR Fenaban e PLR Fenaban 2), visto que no contracheque dos empregados o pagamento foi feito numa \u00fanica rubrica, o que impedia an\u00e1lise item a item.<\/p>\n<p>\u201c\u00c9 impressionante o presidente da Caixa, o Pedro Guimar\u00e3es, falar que a Caixa \u00e9 o banco da matem\u00e1tica e errar algo como esse c\u00e1lculo. E ainda mais, onde est\u00e1 a valoriza\u00e7\u00e3o dos empregados? Ele diz que os empregados s\u00e3o her\u00f3is de crach\u00e1, ent\u00e3o valorize-os\u201d, destacou Fabiana.<\/p>\n<p><strong><em>Fique por dentro \u2013<\/em><\/strong>\u00a0A antecipa\u00e7\u00e3o do pagamento da segunda parcela da PLR foi creditada na \u00faltima quinta-feira (18), ap\u00f3s cobran\u00e7a do movimento sindical e das entidades.<\/p>\n<p><strong>Fonte: Contraf-CUT<\/strong><\/p>\n","protected":false},"excerpt":{"rendered":"<p>A Confedera\u00e7\u00e3o Nacional dos Trabalhadores do Ramo Financeiro (Contraf-CUT), que o Sindicato dos Banc\u00e1rios da Baixada Fluminense faz parte, assessorada pela Comiss\u00e3o Executiva dos Empregados da Caixa (CEE\/Caixa), enviou of\u00edcio, nesta sexta-feira (26), \u00e0 dire\u00e7\u00e3o do banco p\u00fablico cobrando esclarecimentos quanto ao pagamento da Participa\u00e7\u00e3o nos Lucros ou Resultados (PLR) Fenaban e PLR Social aos [&hellip;]<\/p>\n","protected":false},"author":2,"featured_media":10697,"comment_status":"","ping_status":"","sticky":false,"template":"","format":"standard","meta":{"footnotes":""},"categories":[3],"tags":[],"class_list":["post-10698","post","type-post","status-publish","format-standard","has-post-thumbnail","hentry","category-noticias"],"_links":{"self":[{"href":"https:\/\/hostnetart.com.br\/baixada\/wp-json\/wp\/v2\/posts\/10698","targetHints":{"allow":["GET"]}}],"collection":[{"href":"https:\/\/hostnetart.com.br\/baixada\/wp-json\/wp\/v2\/posts"}],"about":[{"href":"https:\/\/hostnetart.com.br\/baixada\/wp-json\/wp\/v2\/types\/post"}],"author":[{"embeddable":true,"href":"https:\/\/hostnetart.com.br\/baixada\/wp-json\/wp\/v2\/users\/2"}],"replies":[{"embeddable":true,"href":"https:\/\/hostnetart.com.br\/baixada\/wp-json\/wp\/v2\/comments?post=10698"}],"version-history":[{"count":0,"href":"https:\/\/hostnetart.com.br\/baixada\/wp-json\/wp\/v2\/posts\/10698\/revisions"}],"wp:featuredmedia":[{"embeddable":true,"href":"https:\/\/hostnetart.com.br\/baixada\/wp-json\/wp\/v2\/media\/10697"}],"wp:attachment":[{"href":"https:\/\/hostnetart.com.br\/baixada\/wp-json\/wp\/v2\/media?parent=10698"}],"wp:term":[{"taxonomy":"category","embeddable":true,"href":"https:\/\/hostnetart.com.br\/baixada\/wp-json\/wp\/v2\/categories?post=10698"},{"taxonomy":"post_tag","embeddable":true,"href":"https:\/\/hostnetart.com.br\/baixada\/wp-json\/wp\/v2\/tags?post=10698"}],"curies":[{"name":"wp","href":"https:\/\/api.w.org\/{rel}","templated":true}]}}