{"id":10696,"date":"2021-03-29T16:25:07","date_gmt":"2021-03-29T19:25:07","guid":{"rendered":"https:\/\/hostnetart.com.br\/baixada\/bancarios-fazem-abaixo-assinado-por-prioridade-na-vacina\/"},"modified":"2021-03-29T16:25:07","modified_gmt":"2021-03-29T19:25:07","slug":"bancarios-fazem-abaixo-assinado-por-prioridade-na-vacina","status":"publish","type":"post","link":"https:\/\/hostnetart.com.br\/baixada\/bancarios-fazem-abaixo-assinado-por-prioridade-na-vacina\/","title":{"rendered":"Banc\u00e1rios fazem abaixo-assinado por prioridade na vacina"},"content":{"rendered":"<p>A categoria banc\u00e1ria est\u00e1 na luta para ser considerada um dos setores priorit\u00e1rios no Plano Nacional de Imuniza\u00e7\u00e3o (PNI) contra a covid 19. V\u00e1rias entidades pressionam as autoridades ferais e estaduais. Um abaixo-assinado virtual que cobra a inclus\u00e3o da categoria no grupo priorit\u00e1rio para a imuniza\u00e7\u00e3o.<\/p>\n<p>A atividade banc\u00e1ria \u00e9 considerada essencial nos termos do Decreto n\u00b0 10.282 de 20 de mar\u00e7o de 2020, alterado pelo Decreto n\u00b0 10.329 de 28 de abril de 2020, que regulamenta a Lei n\u00b013.979 de 6 de fevereiro de 2020. A reivindica\u00e7\u00e3o \u00e9 tanto mais atual diante das ag\u00eancias banc\u00e1rias com aglomera\u00e7\u00e3o de pessoas e filas nos autoatendimentos, bem como nos servi\u00e7os de caixa e \u00e1reas de ger\u00eancia e neg\u00f3cios.<\/p>\n<p>\u201cBanc\u00e1rias e banc\u00e1rios s\u00e3o obrigados a trabalhar o tempo todo e se a demanda nas ag\u00eancias banc\u00e1rias t\u00eam sido muito grandes, eles tamb\u00e9m t\u00eam que estar na prioridade da vacina. \u00c9 justo que estejam. A categoria, em todos os momentos mesmo nos feriados quando tem lockdown decretado na cidade, tem que ir at\u00e9 as agencias bancarias. Est\u00e3o atendendo muita gente no pagamento das aposentadorias, pessoas que n\u00e3o conseguem usar o cart\u00e3o, que n\u00e3o sabem usar os canais digitais. T\u00eam muitos banc\u00e1rios que est\u00e3o sendo contaminados com a covid. Portanto, como temos uma atividade essencial, temos que estar nas prioridades da vacina\u201d, afirmou a presidenta da Confedera\u00e7\u00e3o Nacional dos Trabalhadores do Ramo Financeiro, (Contraf-CUT), Juvandia Moreira.<\/p>\n<p>A Contraf-CUT, enviou of\u00edcio ao Minist\u00e9rio da Sa\u00fade, solicitando a inclus\u00e3o da categoria no Plano Nacional de Imuniza\u00e7\u00e3o contra o coronav\u00edrus. No of\u00edcio enviado ao Minist\u00e9rio, a Contraf-CUT destaca que a atividade banc\u00e1ria \u201cse mant\u00e9m ativa e em funcionamento em todo o territ\u00f3rio brasileiro e a categoria banc\u00e1ria vem prestando o servi\u00e7o com a m\u00e1xima efici\u00eancia\u201d, inclusive na \u201cexecu\u00e7\u00e3o de pol\u00edticas p\u00fablicas de car\u00e1ter social\u201d.<\/p>\n<p><strong>Abaixo-assinad<\/strong>o<\/p>\n<p>V\u00e1rios sindicatos e federa\u00e7\u00f5es j\u00e1 disponibilizaram para suas bases um abaixo-assinado virtual que cobra a inclus\u00e3o da categoria banc\u00e1ria no grupo priorit\u00e1rio para a imuniza\u00e7\u00e3o. \u00c9 o caso dos sindicatos de S\u00e3o Paulo, Osasco e Regi\u00e3o; de Belo Horizonte e Regi\u00e3o e o de Bras\u00edlia. A ades\u00e3o \u00e9 feita pela plataforma Avaaz (para acessar, clique\u00a0<a href=\"https:\/\/secure.avaaz.org\/community_petitions\/po\/sindicato_dos_bancarios_e_financiarios_de_sao_paul_pela_inclusao_da_categoria_bancaria_como_grupo_prioritario_na_vacinacao_contra_a_covid19\/?wjDVUrb&amp;utm_source=sharetools&amp;utm_medium=twitter&amp;utm_campaign=petition-1193879-pela_inclusao_da_categoria_bancaria_como_grupo_prioritario_na_vacinacao_contra_a_covid19&amp;utm_term=jDVUrb%2Bpo\">aqui<\/a>).<\/p>\n<p>\u201cLutamos para que os banc\u00e1rios, como categoria essencial e cujas caracter\u00edsticas da atividade t\u00eam um potencial alto de transmissibilidade do v\u00edrus, sejam inclu\u00eddos na fila de prioridades. A imuniza\u00e7\u00e3o contra a covid-19 \u00e9 um direito do povo brasileiro e deveria ser uma obriga\u00e7\u00e3o do governo federal coordenar uma estrat\u00e9gia nacional de vacina\u00e7\u00e3o e prover as vacinas, com rapidez, a ser aplicadas em toda popula\u00e7\u00e3o brasileira. Mas os flagrantes despreparo e omiss\u00e3o do governo federal seguem impedido o devido processo de vacina\u00e7\u00e3o em massa\u201d, disse o secret\u00e1rio de Sa\u00fade do Trabalhador da Contraf-CUT, Mauro Salles.<\/p>\n<p><strong>Outras a\u00e7\u00f5es<\/strong><\/p>\n<p>Al\u00e9m do abaixo-assinado virtual, as entidades sindicais da categoria tamb\u00e9m pressionam os governos para que viabilizem a vacina\u00e7\u00e3o o mais r\u00e1pido poss\u00edvel. O Sindicato dos Banc\u00e1rios de Pernambuco, por exemplo, enviou \u00e0 Secretaria Estadual de Sa\u00fade of\u00edcio que solicita a inclus\u00e3o da categoria banc\u00e1ria no Plano de Operacionaliza\u00e7\u00e3o para Vacina\u00e7\u00e3o contra a Covid-19.<\/p>\n<p>O Sindicato dos Banc\u00e1rios de S\u00e3o Paulo, Osasco e Regi\u00e3o, juntamente com a Fetec\/SP e a Feeb SP\/MS, enviou of\u00edcio ao governo paulista reivindicando a inclus\u00e3o dos banc\u00e1rios em grupo priorit\u00e1rio do Plano Estadual de Imuniza\u00e7\u00e3o (PEI). A mesma reivindica\u00e7\u00e3o tamb\u00e9m j\u00e1 foi apresentada, por meio de of\u00edcios, ao governo federal e Prefeitura de S\u00e3o Paulo.<\/p>\n<p>O mesmo ocorreu no Distrito Federal, onde o Sindicato dos Banc\u00e1rios de Bras\u00edlia cobrou a\u00e7\u00e3o do governador do DF para a compra direta do imunizante. O Sindicato dos Banc\u00e1rios de Belo Horizonte tamb\u00e9m cobrou do governo estadual que a categoria seja inclu\u00edda como priorit\u00e1ria no Plano Estadual de Vacina\u00e7\u00e3o de Minas Gerais.<\/p>\n<p><span style=\"text-decoration: underline;\"><strong>Fonte: Contraf-CUT<\/strong><\/span><\/p>\n","protected":false},"excerpt":{"rendered":"<p>A categoria banc\u00e1ria est\u00e1 na luta para ser considerada um dos setores priorit\u00e1rios no Plano Nacional de Imuniza\u00e7\u00e3o (PNI) contra a covid 19. V\u00e1rias entidades pressionam as autoridades ferais e estaduais. Um abaixo-assinado virtual que cobra a inclus\u00e3o da categoria no grupo priorit\u00e1rio para a imuniza\u00e7\u00e3o. A atividade banc\u00e1ria \u00e9 considerada essencial nos termos do [&hellip;]<\/p>\n","protected":false},"author":2,"featured_media":10695,"comment_status":"","ping_status":"","sticky":false,"template":"","format":"standard","meta":{"footnotes":""},"categories":[3],"tags":[],"class_list":["post-10696","post","type-post","status-publish","format-standard","has-post-thumbnail","hentry","category-noticias"],"_links":{"self":[{"href":"https:\/\/hostnetart.com.br\/baixada\/wp-json\/wp\/v2\/posts\/10696","targetHints":{"allow":["GET"]}}],"collection":[{"href":"https:\/\/hostnetart.com.br\/baixada\/wp-json\/wp\/v2\/posts"}],"about":[{"href":"https:\/\/hostnetart.com.br\/baixada\/wp-json\/wp\/v2\/types\/post"}],"author":[{"embeddable":true,"href":"https:\/\/hostnetart.com.br\/baixada\/wp-json\/wp\/v2\/users\/2"}],"replies":[{"embeddable":true,"href":"https:\/\/hostnetart.com.br\/baixada\/wp-json\/wp\/v2\/comments?post=10696"}],"version-history":[{"count":0,"href":"https:\/\/hostnetart.com.br\/baixada\/wp-json\/wp\/v2\/posts\/10696\/revisions"}],"wp:featuredmedia":[{"embeddable":true,"href":"https:\/\/hostnetart.com.br\/baixada\/wp-json\/wp\/v2\/media\/10695"}],"wp:attachment":[{"href":"https:\/\/hostnetart.com.br\/baixada\/wp-json\/wp\/v2\/media?parent=10696"}],"wp:term":[{"taxonomy":"category","embeddable":true,"href":"https:\/\/hostnetart.com.br\/baixada\/wp-json\/wp\/v2\/categories?post=10696"},{"taxonomy":"post_tag","embeddable":true,"href":"https:\/\/hostnetart.com.br\/baixada\/wp-json\/wp\/v2\/tags?post=10696"}],"curies":[{"name":"wp","href":"https:\/\/api.w.org\/{rel}","templated":true}]}}