{"id":10694,"date":"2021-03-26T03:52:18","date_gmt":"2021-03-26T06:52:18","guid":{"rendered":"https:\/\/hostnetart.com.br\/baixada\/depois-de-pressao-do-movimento-sindical-caixa-so-pagara-programas-sociais-nos-feriados-antecipados-em-sao-paulo\/"},"modified":"2021-03-26T03:52:18","modified_gmt":"2021-03-26T06:52:18","slug":"depois-de-pressao-do-movimento-sindical-caixa-so-pagara-programas-sociais-nos-feriados-antecipados-em-sao-paulo","status":"publish","type":"post","link":"https:\/\/hostnetart.com.br\/baixada\/depois-de-pressao-do-movimento-sindical-caixa-so-pagara-programas-sociais-nos-feriados-antecipados-em-sao-paulo\/","title":{"rendered":"Depois de press\u00e3o do movimento sindical, Caixa s\u00f3 pagar\u00e1 programas sociais nos feriados antecipados em S\u00e3o Paulo"},"content":{"rendered":"<p>Depois de cobran\u00e7a dos representantes dos empregados, a Caixa informou, quarta-feira (24), que durante os feriados municipais antecipados em algumas cidades por conta da pandemia de coronav\u00edrus, entre os dias 26 de mar\u00e7o e 1\u00ba de abril, abrir\u00e1 apenas algumas ag\u00eancias do Estado de S\u00e3o Paulo, com expediente das 8h \u00e0s 12h, somente para pagamento de programas sociais. No dia 2 de abril, feriado da Sexta-feira da Paix\u00e3o, nenhuma ag\u00eancia abrir\u00e1.<\/p>\n<p>A dire\u00e7\u00e3o do banco informou tamb\u00e9m que apenas os empregados que se voluntariarem at\u00e9 esta quinta-feira (25), por meio do queroatender.caixa, v\u00e3o trabalhar nos feriados antecipados. Os trabalhadores que batem ponto, no caso espec\u00edfico desta opera\u00e7\u00e3o, v\u00e3o receber 100% de hora extra pelo trabalho no feriado, sem compensa\u00e7\u00e3o. Ou seja, para estes dias n\u00e3o valer\u00e1 o acordo de pagamento de 50% de adicional em hora extra e 50% de compensa\u00e7\u00e3o. No caso dos gerentes gerais que trabalharem na opera\u00e7\u00e3o, eles ter\u00e3o uma folga por dia trabalhado.<\/p>\n<p>Os empregados do grupo de risco n\u00e3o poder\u00e3o se voluntariar para trabalhar. Al\u00e9m disso, n\u00e3o haver\u00e1 atendimento remoto de clientes entre os dias 26 de mar\u00e7o e 1\u00ba de abril, ou seja, n\u00e3o haver\u00e1 home office nas ag\u00eancias. \u201cDepois da nossa press\u00e3o, a dire\u00e7\u00e3o da Caixa atendeu nossa principal reivindica\u00e7\u00e3o que \u00e9 colocar a vida dos trabalhadores e da popula\u00e7\u00e3o como prioridade\u201d, afirmou Fabiana Uehara Proscholdt, coordenadora da Comiss\u00e3o Executiva dos Empregados da Caixa Econ\u00f4mica Federal (CEE\/Caixa), que assessora a Confedera\u00e7\u00e3o Nacional dos Trabalhadores do Ramo Financeiro (Contraf-CUT).<\/p>\n<h3>Gerentes Gerais e Tesoureiros das ag\u00eancias que seguir\u00e3o fechadas<\/h3>\n<p>A Caixa ainda n\u00e3o informou ao movimento sindical como ficar\u00e1 a situa\u00e7\u00e3o dos gerentes gerais e tesoureiros, respons\u00e1veis por atividades internas, de ag\u00eancias que n\u00e3o ir\u00e3o abrir. \u201cEsta \u00e9 uma preocupa\u00e7\u00e3o nossa, uma vez que o ATM ir\u00e1 funcionar no per\u00edodo. Cobramos do banco um retorno sobre esta quest\u00e3o\u201d, questionou Fabiana.<\/p>\n<h3>Hist\u00f3rico<\/h3>\n<p>Gra\u00e7as \u00e0 falta de coordena\u00e7\u00e3o dos entes p\u00fablicos nos esfor\u00e7os para conter a pandemia da Covid-19, os empregados da Caixa no estado de S\u00e3o Paulo sofreram com d\u00favidas e incertezas sobre como ser\u00e1 sua rotina de trabalho nos pr\u00f3ximos dias. Em alguns munic\u00edpios, foi decretado, como Ribeir\u00e3o Preto, Araraquara e as nove cidades que comp\u00f5em a Regi\u00e3o Metropolita da Baixada Santista (com exce\u00e7\u00e3o de Itanha\u00e9m), foi decretado \u201cLockdown\u201d, com a determina\u00e7\u00e3o de fechamento dos bancos para atendimentos presenciais. Na capital paulista e nas sete cidades do grande ABC, houve a antecipa\u00e7\u00e3o de feriados, por\u00e9m apenas em Diadema e em S\u00e3o Bernardo est\u00e1 expressamente previsto que as ag\u00eancias banc\u00e1rias est\u00e3o proibidas de funcionar.<\/p>\n<p>Posteriormente, a Caixa publicou, em CE assinada pela Gesuv, que a defini\u00e7\u00e3o sobre o funcionamento das unidades da Rede nestes munic\u00edpios ficaria a cargo das Superintend\u00eancias Regionais. Assim, para discutir as condi\u00e7\u00f5es de trabalho dos empregados nos munic\u00edpios com antecipa\u00e7\u00e3o de feriados, o movimento sindical procurou estabelecer di\u00e1logos com a empresa, apresentando como demanda a necessidade de fechamento das unidades.<\/p>\n<p>Os representantes da Caixa argumentaram que, pelo fato de n\u00e3o ter sido definido feriado banc\u00e1rio para estes dias, parte das rotinas, precisaria ser mantida, j\u00e1 que o vencimento de contas e faturas n\u00e3o seria alterado. \u201cNa aus\u00eancia de uma defini\u00e7\u00e3o mais enf\u00e1tica do poder p\u00fablico, que determinasse o fechamento das ag\u00eancias banc\u00e1rias, n\u00f3s buscamos dialogar com a Caixa para preservar os direitos dos empregados, e buscar que o maior n\u00famero poss\u00edvel de unidades ficasse fechada. Agora, vamos acompanhar os desdobramentos\u201d, disse o diretor-presidente da Apcef\/SP, Leonardo Quadros.<\/p>\n<p><strong>Fonte: Contraf-CUT<\/strong><\/p>\n","protected":false},"excerpt":{"rendered":"<p>Depois de cobran\u00e7a dos representantes dos empregados, a Caixa informou, quarta-feira (24), que durante os feriados municipais antecipados em algumas cidades por conta da pandemia de coronav\u00edrus, entre os dias 26 de mar\u00e7o e 1\u00ba de abril, abrir\u00e1 apenas algumas ag\u00eancias do Estado de S\u00e3o Paulo, com expediente das 8h \u00e0s 12h, somente para pagamento [&hellip;]<\/p>\n","protected":false},"author":2,"featured_media":10693,"comment_status":"","ping_status":"","sticky":false,"template":"","format":"standard","meta":{"footnotes":""},"categories":[3],"tags":[],"class_list":["post-10694","post","type-post","status-publish","format-standard","has-post-thumbnail","hentry","category-noticias"],"_links":{"self":[{"href":"https:\/\/hostnetart.com.br\/baixada\/wp-json\/wp\/v2\/posts\/10694","targetHints":{"allow":["GET"]}}],"collection":[{"href":"https:\/\/hostnetart.com.br\/baixada\/wp-json\/wp\/v2\/posts"}],"about":[{"href":"https:\/\/hostnetart.com.br\/baixada\/wp-json\/wp\/v2\/types\/post"}],"author":[{"embeddable":true,"href":"https:\/\/hostnetart.com.br\/baixada\/wp-json\/wp\/v2\/users\/2"}],"replies":[{"embeddable":true,"href":"https:\/\/hostnetart.com.br\/baixada\/wp-json\/wp\/v2\/comments?post=10694"}],"version-history":[{"count":0,"href":"https:\/\/hostnetart.com.br\/baixada\/wp-json\/wp\/v2\/posts\/10694\/revisions"}],"wp:featuredmedia":[{"embeddable":true,"href":"https:\/\/hostnetart.com.br\/baixada\/wp-json\/wp\/v2\/media\/10693"}],"wp:attachment":[{"href":"https:\/\/hostnetart.com.br\/baixada\/wp-json\/wp\/v2\/media?parent=10694"}],"wp:term":[{"taxonomy":"category","embeddable":true,"href":"https:\/\/hostnetart.com.br\/baixada\/wp-json\/wp\/v2\/categories?post=10694"},{"taxonomy":"post_tag","embeddable":true,"href":"https:\/\/hostnetart.com.br\/baixada\/wp-json\/wp\/v2\/tags?post=10694"}],"curies":[{"name":"wp","href":"https:\/\/api.w.org\/{rel}","templated":true}]}}