{"id":10692,"date":"2021-03-26T03:46:31","date_gmt":"2021-03-26T06:46:31","guid":{"rendered":"https:\/\/hostnetart.com.br\/baixada\/em-videos-bancarias-falam-sobre-desigualdades-que-atingem-as-mulheres\/"},"modified":"2021-03-26T03:46:31","modified_gmt":"2021-03-26T06:46:31","slug":"em-videos-bancarias-falam-sobre-desigualdades-que-atingem-as-mulheres","status":"publish","type":"post","link":"https:\/\/hostnetart.com.br\/baixada\/em-videos-bancarias-falam-sobre-desigualdades-que-atingem-as-mulheres\/","title":{"rendered":"Em v\u00eddeos, banc\u00e1rias falam sobre desigualdades que atingem as mulheres"},"content":{"rendered":"<p>Uma s\u00e9rie de v\u00eddeos com falas de mulheres banc\u00e1rias est\u00e3o sendo divulgados em mar\u00e7o, o M\u00eas da Mulher, na campanha desenvolvida pela Secretaria de Mulheres da Confedera\u00e7\u00e3o Nacional dos Trabalhadores do Ramo Financeiro (Contraf-CUT). S\u00e3o v\u00eddeos curtos que mostram dados sobre a situa\u00e7\u00e3o das mulheres na sociedade, as desigualdades, preconceitos e viol\u00eancias que t\u00eam de enfrentar.<\/p>\n<p>Banc\u00e1rias e ativistas da causa feminista gravaram os v\u00eddeos com informa\u00e7\u00f5es e dados sobre a situa\u00e7\u00e3o das mulheres no Brasil e na categoria. \u201cElas gravaram os v\u00eddeos chamando as outras mulheres para a luta. Raz\u00f5es n\u00e3o faltaram porque nossa situa\u00e7\u00e3o s\u00f3 se agravou com a crise sanit\u00e1ria que se abateu sobre nosso pa\u00eds. As mulheres foram as maiores v\u00edtimas da pandemia e os v\u00eddeos mostram isso com dados. Inclusive, dada a gravidade da situa\u00e7\u00e3o, vamos extrapolar mar\u00e7o e seguir divulgando novos v\u00eddeos nas pr\u00f3ximas semanas\u201d, explicou a secret\u00e1ria de Mulheres da Contraf-CUT, Elaine Cutis.<\/p>\n<p>Para a secret\u00e1ria de Mulheres da Contraf-CUT, \u00e9 fundamental que a sociedade tome conhecimento de como as desigualdades est\u00e3o se aprofundando. \u201cIsso fica claro com os n\u00fameros que as mulheres falam nos v\u00eddeos. J\u00e1 existiam desigualdades antes, agora agravadas por conta da pandemia, mas tamb\u00e9m por este governo, com suas posturas mis\u00f3ginas. Por isso que as mulheres est\u00e3o se unindo cada vez mais e chamando a sociedade para a luta. N\u00f3s nao podemos permitir retrocessos\u201d, afirmou Elaine Cutis.<\/p>\n<p><strong>Veja os v\u00eddeos e os temas abordados<\/strong><\/p>\n<p>\u2022\u00a0\u00a0\u00a0\u00a0\u00a0\u00a0\u00a0\u00a0\u00a0\u00a0\u00a0\u00a0 Cristiana Garbinatto, diretora da Mulher Trabalhadora da Fetrafi -RS, fala sobre as mulheres jovens na pandemia (para ver, clique\u00a0<a href=\"https:\/\/youtu.be\/adP4g1yiczo\">aqui<\/a>)<\/p>\n<p>\u2022\u00a0\u00a0\u00a0\u00a0\u00a0\u00a0\u00a0\u00a0\u00a0\u00a0\u00a0\u00a0 C\u00e2ndida Fernandes da Cruz, secret\u00e1ria da Mulher da Fetrafi-NE, fala sobre as mulheres desempregadas na pandemia (para ver, clique\u00a0<a href=\"https:\/\/youtu.be\/znrrHHc328M\">aqui<\/a>)<\/p>\n<p>\u2022\u00a0\u00a0\u00a0\u00a0\u00a0\u00a0\u00a0\u00a0\u00a0\u00a0\u00a0\u00a0 Elaine Cutis, secret\u00e1ria da Mulher da Contraf-CUT, fala sobre n\u00fameros que mostram as mulheres como as maiores v\u00edtimas da pandemia (para ver, clique\u00a0<a href=\"https:\/\/youtu.be\/unNh1xuOWvc\">aqui<\/a>)<\/p>\n<p>\u2022\u00a0\u00a0\u00a0\u00a0\u00a0\u00a0\u00a0\u00a0\u00a0\u00a0\u00a0\u00a0 Paula Alessandra Rodriugues de Souza, secret\u00e1ria da Mulher da Fetrafi-RJ\/ES, fala sobre o aumento de casos de feminic\u00eddio no Brasil durante a pandemia (para ver, clique\u00a0<a href=\"https:\/\/youtu.be\/eEaALRqW-mg\">aqui<\/a>)<\/p>\n<p>\u2022\u00a0\u00a0\u00a0\u00a0\u00a0\u00a0\u00a0\u00a0\u00a0\u00a0\u00a0\u00a0 Isis Garcia, secret\u00e1ria de Combate ao Racismo da CUT-RS, fala que as mulheres negras t\u00eam menores sal\u00e1rios (para ver, clique\u00a0<a href=\"https:\/\/youtu.be\/j0nUOrls7pU\">aqui<\/a>)<\/p>\n<p>\u00a0<\/p>\n<p><span style=\"text-decoration: underline;\"><strong>Fonte: Contraf-CUT<\/strong><\/span><\/p>\n","protected":false},"excerpt":{"rendered":"<p>Uma s\u00e9rie de v\u00eddeos com falas de mulheres banc\u00e1rias est\u00e3o sendo divulgados em mar\u00e7o, o M\u00eas da Mulher, na campanha desenvolvida pela Secretaria de Mulheres da Confedera\u00e7\u00e3o Nacional dos Trabalhadores do Ramo Financeiro (Contraf-CUT). S\u00e3o v\u00eddeos curtos que mostram dados sobre a situa\u00e7\u00e3o das mulheres na sociedade, as desigualdades, preconceitos e viol\u00eancias que t\u00eam de [&hellip;]<\/p>\n","protected":false},"author":2,"featured_media":10691,"comment_status":"","ping_status":"","sticky":false,"template":"","format":"standard","meta":{"footnotes":""},"categories":[3],"tags":[],"class_list":["post-10692","post","type-post","status-publish","format-standard","has-post-thumbnail","hentry","category-noticias"],"_links":{"self":[{"href":"https:\/\/hostnetart.com.br\/baixada\/wp-json\/wp\/v2\/posts\/10692","targetHints":{"allow":["GET"]}}],"collection":[{"href":"https:\/\/hostnetart.com.br\/baixada\/wp-json\/wp\/v2\/posts"}],"about":[{"href":"https:\/\/hostnetart.com.br\/baixada\/wp-json\/wp\/v2\/types\/post"}],"author":[{"embeddable":true,"href":"https:\/\/hostnetart.com.br\/baixada\/wp-json\/wp\/v2\/users\/2"}],"replies":[{"embeddable":true,"href":"https:\/\/hostnetart.com.br\/baixada\/wp-json\/wp\/v2\/comments?post=10692"}],"version-history":[{"count":0,"href":"https:\/\/hostnetart.com.br\/baixada\/wp-json\/wp\/v2\/posts\/10692\/revisions"}],"wp:featuredmedia":[{"embeddable":true,"href":"https:\/\/hostnetart.com.br\/baixada\/wp-json\/wp\/v2\/media\/10691"}],"wp:attachment":[{"href":"https:\/\/hostnetart.com.br\/baixada\/wp-json\/wp\/v2\/media?parent=10692"}],"wp:term":[{"taxonomy":"category","embeddable":true,"href":"https:\/\/hostnetart.com.br\/baixada\/wp-json\/wp\/v2\/categories?post=10692"},{"taxonomy":"post_tag","embeddable":true,"href":"https:\/\/hostnetart.com.br\/baixada\/wp-json\/wp\/v2\/tags?post=10692"}],"curies":[{"name":"wp","href":"https:\/\/api.w.org\/{rel}","templated":true}]}}