{"id":10688,"date":"2021-03-25T04:33:33","date_gmt":"2021-03-25T07:33:33","guid":{"rendered":"https:\/\/hostnetart.com.br\/baixada\/santander-anuncia-medidas-para-a-pandemia\/"},"modified":"2021-03-25T04:33:33","modified_gmt":"2021-03-25T07:33:33","slug":"santander-anuncia-medidas-para-a-pandemia","status":"publish","type":"post","link":"https:\/\/hostnetart.com.br\/baixada\/santander-anuncia-medidas-para-a-pandemia\/","title":{"rendered":"Santander anuncia medidas para a pandemia"},"content":{"rendered":"<p>O Banco Santander informou nesta quarta-feira (24) algumas altera\u00e7\u00f5es no trabalho em cidades que decretaram o feriad\u00e3o a partir desta sexta-feira (26) para reduzir o cont\u00e1gio da Covid-19 19. As medidas foram anunciadas ap\u00f3s cobran\u00e7a do movimento sindical. O banco tamb\u00e9m anunciou a antecipa\u00e7\u00e3o integral do d\u00e9cimo terceiro sal\u00e1rio. O pagamento do d\u00e9cimo terceiro deve ocorrer em 30 de abril.<\/p>\n<p>O Santander afirmou no comunicado que o atendimento ao p\u00fablico nas ag\u00eancias ser\u00e1 apenas para servi\u00e7os essenciais, como pagamento de benef\u00edcios e desbloqueio de cart\u00f5es. Para isto ser\u00e1 mantido um contingente m\u00ednimo de funcion\u00e1rios que pode variar entre 15% e 40% do quadro, a depender da localidade e do fluxo de pagamentos. Informou ainda que os departamentos tamb\u00e9m ter\u00e3o redu\u00e7\u00e3o do quadro no presencial.<\/p>\n<p>\u201cConcordamos e avaliamos importantes as medidas adotadas, embora entendamos que, nesse momento de recrudescimento da pandemia, o qual se v\u00ea cada dia mais os sistemas de sa\u00fade municipais e estaduais, p\u00fablicos e privados, colapsando, os bancos deveriam ficar fechados e seus funcion\u00e1rios em casa. E discordamos da forma de compensa\u00e7\u00e3o das horas trabalhadas nesse per\u00edodo. As horas extras trabalhadas n\u00e3o devem ser compensadas com folga, mas pagas em dinheiro. Sobre isso, vamos tomar as medidas cab\u00edveis\u201d, afirmou secret\u00e1rio de Assuntos Socioecon\u00f4micos, M\u00e1rio Raia.<\/p>\n<p><span style=\"text-decoration: underline;\">Veja as medidas tomadas pelo Santander:<\/span><\/p>\n<p>Nos edif\u00edcios centrais, as equipes ser\u00e3o reduzidas. \u201cCada vice-presidente ir\u00e1 indicar quais equipes ir\u00e3o trabalhar de forma presencial ou remotamente ou aquelas que estar\u00e3o em feriado nas cidades que anteciparam. Esses dias ser\u00e3o compensados com o banco de horas existente em cada vice-presid\u00eancia em at\u00e9 6 meses. Cada colaborador deve gerenciar seu banco de horas juntamente com seu\/sua gestor (a)\u201d, diz o comunicado do Santander.<\/p>\n<p>O banco tamb\u00e9m que ser\u00e1 fechado um grande n\u00famero de ag\u00eancias nas pr\u00f3ximas duas semanas e o hor\u00e1rio de atendimento ao p\u00fablico ser\u00e1 reduzido para at\u00e9 14h. A equipe de varejo informar\u00e1 quais lojas estar\u00e3o temporariamente fechadas, e as equipes dessas lojas poder\u00e3o ser direcionadas para ajudar no atendimento aos clientes de forma remota.<\/p>\n<p>De acordo com o comunicado, o banco vai orientar os clientes, enviando comunica\u00e7\u00e3o espec\u00edfica, para que privilegiem o uso dos canais digitais.<\/p>\n<p><strong>Fonte: Contraf-CUT<\/strong><\/p>\n","protected":false},"excerpt":{"rendered":"<p>O Banco Santander informou nesta quarta-feira (24) algumas altera\u00e7\u00f5es no trabalho em cidades que decretaram o feriad\u00e3o a partir desta sexta-feira (26) para reduzir o cont\u00e1gio da Covid-19 19. As medidas foram anunciadas ap\u00f3s cobran\u00e7a do movimento sindical. O banco tamb\u00e9m anunciou a antecipa\u00e7\u00e3o integral do d\u00e9cimo terceiro sal\u00e1rio. O pagamento do d\u00e9cimo terceiro deve [&hellip;]<\/p>\n","protected":false},"author":2,"featured_media":10687,"comment_status":"","ping_status":"","sticky":false,"template":"","format":"standard","meta":{"footnotes":""},"categories":[3],"tags":[],"class_list":["post-10688","post","type-post","status-publish","format-standard","has-post-thumbnail","hentry","category-noticias"],"_links":{"self":[{"href":"https:\/\/hostnetart.com.br\/baixada\/wp-json\/wp\/v2\/posts\/10688","targetHints":{"allow":["GET"]}}],"collection":[{"href":"https:\/\/hostnetart.com.br\/baixada\/wp-json\/wp\/v2\/posts"}],"about":[{"href":"https:\/\/hostnetart.com.br\/baixada\/wp-json\/wp\/v2\/types\/post"}],"author":[{"embeddable":true,"href":"https:\/\/hostnetart.com.br\/baixada\/wp-json\/wp\/v2\/users\/2"}],"replies":[{"embeddable":true,"href":"https:\/\/hostnetart.com.br\/baixada\/wp-json\/wp\/v2\/comments?post=10688"}],"version-history":[{"count":0,"href":"https:\/\/hostnetart.com.br\/baixada\/wp-json\/wp\/v2\/posts\/10688\/revisions"}],"wp:featuredmedia":[{"embeddable":true,"href":"https:\/\/hostnetart.com.br\/baixada\/wp-json\/wp\/v2\/media\/10687"}],"wp:attachment":[{"href":"https:\/\/hostnetart.com.br\/baixada\/wp-json\/wp\/v2\/media?parent=10688"}],"wp:term":[{"taxonomy":"category","embeddable":true,"href":"https:\/\/hostnetart.com.br\/baixada\/wp-json\/wp\/v2\/categories?post=10688"},{"taxonomy":"post_tag","embeddable":true,"href":"https:\/\/hostnetart.com.br\/baixada\/wp-json\/wp\/v2\/tags?post=10688"}],"curies":[{"name":"wp","href":"https:\/\/api.w.org\/{rel}","templated":true}]}}