{"id":10684,"date":"2021-03-25T04:27:57","date_gmt":"2021-03-25T07:27:57","guid":{"rendered":"https:\/\/hostnetart.com.br\/baixada\/contraf-cut-cobra-posicao-da-caixa-sobre-decisoes-do-tcu\/"},"modified":"2021-03-25T04:27:57","modified_gmt":"2021-03-25T07:27:57","slug":"contraf-cut-cobra-posicao-da-caixa-sobre-decisoes-do-tcu","status":"publish","type":"post","link":"https:\/\/hostnetart.com.br\/baixada\/contraf-cut-cobra-posicao-da-caixa-sobre-decisoes-do-tcu\/","title":{"rendered":"Contraf-CUT cobra posi\u00e7\u00e3o da Caixa sobre decis\u00f5es do TCU"},"content":{"rendered":"<p>A Comiss\u00e3o Executiva dos Empregados da Caixa Econ\u00f4mica Federal (CEE\/Caixa), que assessora a Confedera\u00e7\u00e3o Nacional dos Trabalhadores do Ramo Financeiro (Contraf-CUT), reivindicou por of\u00edcio, enviado na tarde desta quarta-feira (24), que a Caixa se pronuncie oficialmente sobre as recentes decis\u00f5es do Tribunal de Contas da Uni\u00e3o que consideram ilegais as admiss\u00f5es de empregados ocorridas sob a \u00e9gide de a\u00e7\u00f5es judiciais trabalhistas.<\/p>\n<p>\u201cSabemos que os colegas est\u00e3o recebendo notifica\u00e7\u00f5es do TCU e isso tem gerado p\u00e2nico e sofrimento pelo receio de serem desligados a qualquer momento. Bom, nossa assessoria jur\u00eddica est\u00e1 fazendo o acompanhamento e a priori se a justi\u00e7a n\u00e3o reverter o que decidiu at\u00e9 o momento n\u00e3o teremos outros impactos. Mas estamos cobrando a posi\u00e7\u00e3o da CAIXA.\u201d, explicou Fabiana Uehara Proscholdt, secret\u00e1ria da Cultura da Contraf-CUT e coordenadora da CEE\/ Caixa.<\/p>\n<p><strong>Fonte: Contraf-CUT<\/strong><\/p>\n","protected":false},"excerpt":{"rendered":"<p>A Comiss\u00e3o Executiva dos Empregados da Caixa Econ\u00f4mica Federal (CEE\/Caixa), que assessora a Confedera\u00e7\u00e3o Nacional dos Trabalhadores do Ramo Financeiro (Contraf-CUT), reivindicou por of\u00edcio, enviado na tarde desta quarta-feira (24), que a Caixa se pronuncie oficialmente sobre as recentes decis\u00f5es do Tribunal de Contas da Uni\u00e3o que consideram ilegais as admiss\u00f5es de empregados ocorridas sob [&hellip;]<\/p>\n","protected":false},"author":2,"featured_media":10683,"comment_status":"","ping_status":"","sticky":false,"template":"","format":"standard","meta":{"footnotes":""},"categories":[3],"tags":[],"class_list":["post-10684","post","type-post","status-publish","format-standard","has-post-thumbnail","hentry","category-noticias"],"_links":{"self":[{"href":"https:\/\/hostnetart.com.br\/baixada\/wp-json\/wp\/v2\/posts\/10684","targetHints":{"allow":["GET"]}}],"collection":[{"href":"https:\/\/hostnetart.com.br\/baixada\/wp-json\/wp\/v2\/posts"}],"about":[{"href":"https:\/\/hostnetart.com.br\/baixada\/wp-json\/wp\/v2\/types\/post"}],"author":[{"embeddable":true,"href":"https:\/\/hostnetart.com.br\/baixada\/wp-json\/wp\/v2\/users\/2"}],"replies":[{"embeddable":true,"href":"https:\/\/hostnetart.com.br\/baixada\/wp-json\/wp\/v2\/comments?post=10684"}],"version-history":[{"count":0,"href":"https:\/\/hostnetart.com.br\/baixada\/wp-json\/wp\/v2\/posts\/10684\/revisions"}],"wp:featuredmedia":[{"embeddable":true,"href":"https:\/\/hostnetart.com.br\/baixada\/wp-json\/wp\/v2\/media\/10683"}],"wp:attachment":[{"href":"https:\/\/hostnetart.com.br\/baixada\/wp-json\/wp\/v2\/media?parent=10684"}],"wp:term":[{"taxonomy":"category","embeddable":true,"href":"https:\/\/hostnetart.com.br\/baixada\/wp-json\/wp\/v2\/categories?post=10684"},{"taxonomy":"post_tag","embeddable":true,"href":"https:\/\/hostnetart.com.br\/baixada\/wp-json\/wp\/v2\/tags?post=10684"}],"curies":[{"name":"wp","href":"https:\/\/api.w.org\/{rel}","templated":true}]}}