{"id":10682,"date":"2021-03-24T16:34:12","date_gmt":"2021-03-24T19:34:12","guid":{"rendered":"https:\/\/hostnetart.com.br\/baixada\/e-hoje-contraf-cut-debate-a-pandemia-do-coronavirus-no-brasil\/"},"modified":"2021-03-24T16:34:12","modified_gmt":"2021-03-24T19:34:12","slug":"e-hoje-contraf-cut-debate-a-pandemia-do-coronavirus-no-brasil","status":"publish","type":"post","link":"https:\/\/hostnetart.com.br\/baixada\/e-hoje-contraf-cut-debate-a-pandemia-do-coronavirus-no-brasil\/","title":{"rendered":"\u00c9 hoje! Contraf-CUT debate a pandemia do coronav\u00edrus no Brasil"},"content":{"rendered":"<p>O Brasil teve o pior domingo de toda pandemia, superando os n\u00fameros recordes de 14 de mar\u00e7o. Domingo (21), foram registradas 1.290 mortes decorrentes da Covid-19 nas \u00faltimas 24 horas, com um total de 294.042 \u00f3bitos, de acordo com os dados do Conselho Nacional de Secret\u00e1rios da Sa\u00fade (Conass) divulgados neste domingo (21).<\/p>\n<p>No per\u00edodo, foram 47.774 casos oficiais de Covid-19, totalizando 11.998.233 acumulados desde o in\u00edcio da pandemia no Brasil. O pa\u00eds fecha a semana, entre 14 e 20 de mar\u00e7o, com o maior n\u00famero de \u00f3bitos, 15.661 v\u00edtimas em sete dias. A m\u00e9dia m\u00f3vel tamb\u00e9m \u00e9 recorde, com 2.259 \u00f3bitos decorrentes da doen\u00e7a, valendo o mesmo para as infec\u00e7\u00f5es, com 73.552 casos.<\/p>\n<p>\u00c9 neste triste cen\u00e1rio que a Confedera\u00e7\u00e3o Nacional dos Trabalhadores do Ramo Financeiro (Contraf-CUT) realiza nesta ter\u00e7a-feira (23) um debate sobre a situa\u00e7\u00e3o e as perspectivas da Pandemia do coronav\u00edrus (Covid-19) no Brasil.<\/p>\n<p>O que \u00e9 e devemos fazer lockdown? Qual a import\u00e2ncia das medidas protetivas? Como est\u00e1 a situa\u00e7\u00e3o dos servi\u00e7os de sa\u00fade? Vacina \u00e9 importante? Como est\u00e1 a vacina\u00e7\u00e3o? O Plano Nacional de Imuniza\u00e7\u00e3o (PNI) est\u00e1 sendo bem feito? Como ele deveria ter sido constru\u00eddo para que n\u00e3o estiv\u00e9ssemos nesta situa\u00e7\u00e3o? Como devem serem tratados os setores e trabalhos essenciais em rela\u00e7\u00e3o \u00e0 vacina\u00e7\u00e3o? Essas s\u00e3o algumas das perguntas que ser\u00e3o respondidas durante a transmiss\u00e3o ao vivo, que ser\u00e1 realizada nos perfis do\u00a0<a href=\"https:\/\/www.facebook.com\/contrafcut\/\">Facebook<\/a>\u00a0e do\u00a0<a href=\"https:\/\/www.youtube.com\/channel\/UCQoiO9j_0_0aB1N24E7do0A\">Youtube<\/a>\u00a0da Contraf-CUT, a partir das 18h, pelo ex-ministro da Sa\u00fade, Arthur Chioro, e pela presidenta da Confedera\u00e7\u00e3o e uma das coordenadoras do Comando Nacional dos Banc\u00e1rios, Juvandia Moreira.<\/p>\n<p>O programa vai contar tamb\u00e9m com a participa\u00e7\u00e3o de Mauro Salles (RS), secret\u00e1rio de Sa\u00fade da Contraf-CUT; Ros\u00e2ngela Lorenzetti, dirigente do Sindicato dos Banc\u00e1rios de Araraquara e da Fetec\/SP; Wellington Trindade, dirigente do Sindicato dos Banc\u00e1rios de Pernambuco e da Fetrafi NE; e Tatiana Oliveira, presidenta do Sindicato dos Banc\u00e1rios do Par\u00e1. Eles v\u00e3o passar relatos da situa\u00e7\u00e3o de suas regi\u00f5es.<\/p>\n<p>Voc\u00ea tem d\u00favidas sobre o assunto? Mande suas perguntas para os convidados pelo\u00a0<a href=\"https:\/\/www.instagram.com\/contraf_cut\/?hl=pt-br\">Instagram da Contraf-CUT<\/a>\u00a0ou pelo e-mail\u00a0<a href=\"mailto:imprensa@contrafcut.org.br\">mailto:imprensa@contrafcut.org.br<\/a>.<\/p>\n<p><strong>Fonte: Contraf-CUT<\/strong><\/p>\n","protected":false},"excerpt":{"rendered":"<p>O Brasil teve o pior domingo de toda pandemia, superando os n\u00fameros recordes de 14 de mar\u00e7o. Domingo (21), foram registradas 1.290 mortes decorrentes da Covid-19 nas \u00faltimas 24 horas, com um total de 294.042 \u00f3bitos, de acordo com os dados do Conselho Nacional de Secret\u00e1rios da Sa\u00fade (Conass) divulgados neste domingo (21). No per\u00edodo, [&hellip;]<\/p>\n","protected":false},"author":2,"featured_media":10681,"comment_status":"","ping_status":"","sticky":false,"template":"","format":"standard","meta":{"footnotes":""},"categories":[3],"tags":[],"class_list":["post-10682","post","type-post","status-publish","format-standard","has-post-thumbnail","hentry","category-noticias"],"_links":{"self":[{"href":"https:\/\/hostnetart.com.br\/baixada\/wp-json\/wp\/v2\/posts\/10682","targetHints":{"allow":["GET"]}}],"collection":[{"href":"https:\/\/hostnetart.com.br\/baixada\/wp-json\/wp\/v2\/posts"}],"about":[{"href":"https:\/\/hostnetart.com.br\/baixada\/wp-json\/wp\/v2\/types\/post"}],"author":[{"embeddable":true,"href":"https:\/\/hostnetart.com.br\/baixada\/wp-json\/wp\/v2\/users\/2"}],"replies":[{"embeddable":true,"href":"https:\/\/hostnetart.com.br\/baixada\/wp-json\/wp\/v2\/comments?post=10682"}],"version-history":[{"count":0,"href":"https:\/\/hostnetart.com.br\/baixada\/wp-json\/wp\/v2\/posts\/10682\/revisions"}],"wp:featuredmedia":[{"embeddable":true,"href":"https:\/\/hostnetart.com.br\/baixada\/wp-json\/wp\/v2\/media\/10681"}],"wp:attachment":[{"href":"https:\/\/hostnetart.com.br\/baixada\/wp-json\/wp\/v2\/media?parent=10682"}],"wp:term":[{"taxonomy":"category","embeddable":true,"href":"https:\/\/hostnetart.com.br\/baixada\/wp-json\/wp\/v2\/categories?post=10682"},{"taxonomy":"post_tag","embeddable":true,"href":"https:\/\/hostnetart.com.br\/baixada\/wp-json\/wp\/v2\/tags?post=10682"}],"curies":[{"name":"wp","href":"https:\/\/api.w.org\/{rel}","templated":true}]}}