{"id":10678,"date":"2021-03-24T03:29:20","date_gmt":"2021-03-24T06:29:20","guid":{"rendered":"https:\/\/hostnetart.com.br\/baixada\/contraf-cut-solicita-que-caixa-discrimine-pagamento-da-plr-no-contracheque\/"},"modified":"2021-03-24T03:29:20","modified_gmt":"2021-03-24T06:29:20","slug":"contraf-cut-solicita-que-caixa-discrimine-pagamento-da-plr-no-contracheque","status":"publish","type":"post","link":"https:\/\/hostnetart.com.br\/baixada\/contraf-cut-solicita-que-caixa-discrimine-pagamento-da-plr-no-contracheque\/","title":{"rendered":"Contraf-CUT solicita que Caixa discrimine pagamento da PLR no contracheque"},"content":{"rendered":"<p>A Confedera\u00e7\u00e3o Nacional dos Trabalhadores do Ramo Financeiro (Contraf\/CUT) solicitou \u00e0 Caixa que fa\u00e7a a discrimina\u00e7\u00e3o do pagamento da Participa\u00e7\u00e3o nos Lucros ou Resultados (PLR) da Caixa, da PLR Fenaban e da PLR Fenaban 2 no contracheque dos empregados.<\/p>\n<p>A coordenadora da Comiss\u00e3o Executiva dos Empregados (CEE\/Caixa), Fabiana Uehara Proscholdt, explica que o pagamento de parte da PLR foi feito numa \u00fanica rubrica no contracheque dos empregados, o que impede a an\u00e1lise do valor, item a item. O of\u00edcio foi enviado \u00e0 dire\u00e7\u00e3o do banco nesta segunda-feira (22)<\/p>\n<p><a href=\"https:\/\/contrafcut.com.br\/noticias\/caixa-creditou-parte-da-segunda-parcela-da-plr-na-quinta-18\/?swcfpc=1\" target=\"_blank\" rel=\"noopener noreferrer\">A antecipa\u00e7\u00e3o do pagamento da segunda parcela da PLR foi creditada na quinta-feira (18)<\/a>, ap\u00f3s cobran\u00e7a da Contraf\/CUT. Foram depositados 50% do complemento da PLR para os empregados que possuem desconto de Pens\u00e3o Aliment\u00edcia e 70% para os demais empregados, em virtude da dedu\u00e7\u00e3o do Imposto de Renda e Contribui\u00e7\u00f5es Negociais. Os ajustes ser\u00e3o feitos no contracheque deste m\u00eas.<\/p>\n<p><strong>Fonte: Contraf-CUT<\/strong><\/p>\n","protected":false},"excerpt":{"rendered":"<p>A Confedera\u00e7\u00e3o Nacional dos Trabalhadores do Ramo Financeiro (Contraf\/CUT) solicitou \u00e0 Caixa que fa\u00e7a a discrimina\u00e7\u00e3o do pagamento da Participa\u00e7\u00e3o nos Lucros ou Resultados (PLR) da Caixa, da PLR Fenaban e da PLR Fenaban 2 no contracheque dos empregados. A coordenadora da Comiss\u00e3o Executiva dos Empregados (CEE\/Caixa), Fabiana Uehara Proscholdt, explica que o pagamento de [&hellip;]<\/p>\n","protected":false},"author":2,"featured_media":10677,"comment_status":"","ping_status":"","sticky":false,"template":"","format":"standard","meta":{"footnotes":""},"categories":[3],"tags":[],"class_list":["post-10678","post","type-post","status-publish","format-standard","has-post-thumbnail","hentry","category-noticias"],"_links":{"self":[{"href":"https:\/\/hostnetart.com.br\/baixada\/wp-json\/wp\/v2\/posts\/10678","targetHints":{"allow":["GET"]}}],"collection":[{"href":"https:\/\/hostnetart.com.br\/baixada\/wp-json\/wp\/v2\/posts"}],"about":[{"href":"https:\/\/hostnetart.com.br\/baixada\/wp-json\/wp\/v2\/types\/post"}],"author":[{"embeddable":true,"href":"https:\/\/hostnetart.com.br\/baixada\/wp-json\/wp\/v2\/users\/2"}],"replies":[{"embeddable":true,"href":"https:\/\/hostnetart.com.br\/baixada\/wp-json\/wp\/v2\/comments?post=10678"}],"version-history":[{"count":0,"href":"https:\/\/hostnetart.com.br\/baixada\/wp-json\/wp\/v2\/posts\/10678\/revisions"}],"wp:featuredmedia":[{"embeddable":true,"href":"https:\/\/hostnetart.com.br\/baixada\/wp-json\/wp\/v2\/media\/10677"}],"wp:attachment":[{"href":"https:\/\/hostnetart.com.br\/baixada\/wp-json\/wp\/v2\/media?parent=10678"}],"wp:term":[{"taxonomy":"category","embeddable":true,"href":"https:\/\/hostnetart.com.br\/baixada\/wp-json\/wp\/v2\/categories?post=10678"},{"taxonomy":"post_tag","embeddable":true,"href":"https:\/\/hostnetart.com.br\/baixada\/wp-json\/wp\/v2\/tags?post=10678"}],"curies":[{"name":"wp","href":"https:\/\/api.w.org\/{rel}","templated":true}]}}