{"id":10676,"date":"2021-03-24T03:27:05","date_gmt":"2021-03-24T06:27:05","guid":{"rendered":"https:\/\/hostnetart.com.br\/baixada\/bancarios-se-organizam-para-o-lockdown-nacional-pela-vida\/"},"modified":"2021-03-24T03:27:05","modified_gmt":"2021-03-24T06:27:05","slug":"bancarios-se-organizam-para-o-lockdown-nacional-pela-vida","status":"publish","type":"post","link":"https:\/\/hostnetart.com.br\/baixada\/bancarios-se-organizam-para-o-lockdown-nacional-pela-vida\/","title":{"rendered":"Banc\u00e1rios se organizam para o Lockdown Nacional pela Vida"},"content":{"rendered":"<p>Na noite desta segunda-feira (22), quando os brasileiros contabilizaram mais de 294 mil mortes pela Covid-19, banc\u00e1rias e banc\u00e1rios de todo o pa\u00eds realizaram plen\u00e1rias para organizar a participa\u00e7\u00e3o da categoria no Lockdown Nacional em Defesa da Vida, nesta quarta-feira (24). A mobiliza\u00e7\u00e3o \u00e9 organizada pela Central \u00danica dos Trabalhadores (CUT), demais centrais sindicais e tamb\u00e9m pela Confedera\u00e7\u00e3o Nacional dos Trabalhadores do Ramo Financeiro (Contraf-CUT) e pelo Comando Nacional\u00a0d@s\u00a0Banc\u00e1ri@s.\u00a0Sindicatos e federa\u00e7\u00f5es reuniram virtualmente banc\u00e1rias e banc\u00e1rios para discutir a mobiliza\u00e7\u00e3o unificada em defesa da vida. Para tanto, a mobiliza\u00e7\u00e3o defende vacinas para todos j\u00e1, aux\u00edlio emergencial de R$ 600, empregos e contra as privatiza\u00e7\u00f5es do governo Bolsonaro.<\/p>\n<p>Hospitais lotados, falta de medica\u00e7\u00e3o e oxig\u00eanio, al\u00e9m das mortes aos milhares, diariamente. Um cen\u00e1rio que poderia ser evitado com a vacina\u00e7\u00e3o em massa. \u201cJ\u00e1 chegamos \u00e0 triste marca de quase 300 mil mortes. S\u00e3o fam\u00edlias que perderam seus entes queridos. Tudo isso poderia ter sido evitado se tivesse acelerado o processo de vacina\u00e7\u00e3o. Essa dor e esse sofrimento poderiam ter sido evitados, talvez, se houvesse uma coordena\u00e7\u00e3o nacional para combater a pandemia. Tudo poderia ter sido evitado se o governo Bolsonaro n\u00e3o tivesse tratando desde o come\u00e7o a pandemia como fosse uma gripezinha, negando a ci\u00eancia e jogando contra os governadores e prefeitos. S\u00f3 em S\u00e3o Paulo, nas \u00faltimas 24 horas, foram mais de mil mortos. Por isso \u00e9 fundamental que o governo tome provid\u00eancias para conter o v\u00edrus e para ter vacina para todo mundo, porque essa \u00e9 a solu\u00e7\u00e3o\u201d, declarou a presidenta da Contraf-CUT, Juvandia Moreira.<\/p>\n<p><strong>Plen\u00e1rias<\/strong><\/p>\n<p>As plen\u00e1rias realizadas nas bases da categoria aprovaram as propostas da Contraf-CUT e do Comando. Nesta quarta-feira v\u00e3o circular pelos centros comerciais das cidades carros de som explicando \u00e0 popula\u00e7\u00e3o as raz\u00f5es do lockdown. Tamb\u00e9m foi aprovada a orienta\u00e7\u00e3o para que sejam feitos, onde for poss\u00edvel, atos em conjunto com outras categorias. Nesses atos, uma das reivindica\u00e7\u00f5es a serem divulgadas \u00e9 a defesa das empresas p\u00fablicas. Tamb\u00e9m, onde for poss\u00edvel, dever\u00e3o ser realizados atos na porta de ag\u00eancias.<\/p>\n<p>Outra orienta\u00e7\u00e3o aprovada \u00e9 o uso das redes sociais com materiais sobre o lockdown e as reivindica\u00e7\u00f5es da mobiliza\u00e7\u00e3o. Em v\u00e1rias plen\u00e1rias foram relatados problemas no trabalho como falta de EPI e n\u00e3o cumprimentos de procedimentos em casos de cont\u00e1gio. Nas plen\u00e1rias, a categoria denunciou que h\u00e1 muitas defici\u00eancias no combate \u00e0 pandemia dentro dos bancos.<\/p>\n<p><strong>Vacina<\/strong><\/p>\n<p>Em alguns locais, foram aprovadas outras formas de mobiliza\u00e7\u00e3o. Na plen\u00e1ria do Sindicato dos Banc\u00e1rios de Porto Alegre e Regi\u00e3o, por exemplo, a categoria decidiu que vai realizar um tuita\u00e7o, al\u00e9m de todos vestirem roupas pretas e trocarem fotos nas redes sociais. A Federa\u00e7\u00e3o dos Trabalhadores em Empresas de Cr\u00e9dito de S\u00e3o Paulo (Fetec-SP) realizou uma plen\u00e1ria estadual com a categoria, que referendou as orienta\u00e7\u00f5es para o lockdown e tamb\u00e9m aprovou um abaixo-assinado digital, pedindo que a categoria banc\u00e1ria seja inclu\u00edda entre os setores priorit\u00e1rios para a vacina\u00e7\u00e3o. A ades\u00e3o \u00e9 feita pela plataforma Avvaz. Para aderir ao abaixo-assinado, clique aqui.<\/p>\n<p>Em Minas Gerais, a plen\u00e1ria da Federa\u00e7\u00e3o dos Trabalhadores do Ramo Financeiro (Fetrafi) aprovou, entre outras atividades a proje\u00e7\u00e3o de mensagens em fachadas de pr\u00e9dios. S\u00e3o mensagens em defesa e da sa\u00fade da popula\u00e7\u00e3o, por aux\u00edlio emergencial de R$ 600 e frases como \u201cO Brasil est\u00e1 na UTI e o oxig\u00eanio acabou\u201d e \u201cSem Vida, N\u00e3o H\u00e1 Economia\u201d.<\/p>\n<p>\u201c\u00c9 importante fazer esse Lockdown Nacional pela Vida porque os trabalhadores n\u00e3o t\u00eam que escolher se v\u00e3o sair para trabalhar para n\u00e3o morrer de fome ou se v\u00e3o morrer de covid. Eles t\u00eam que ter condi\u00e7\u00f5es para ficar em casa, para termos um isolamento feito com seriedade, conforme a ci\u00eancia manda, para que o v\u00edrus n\u00e3o se alastrar da forma como est\u00e1 se alastrando. Isso s\u00f3 acontece porque n\u00e3o h\u00e1 a conten\u00e7\u00e3o da circula\u00e7\u00e3o e tamb\u00e9m n\u00e3o h\u00e1 a vacina. \u00c9 fundamental que a gente fa\u00e7a essa luta, um lockdown pela vida, para termos um aux\u00edlio emergencial de 600 reais, para que as pessoas possam ficar em casa, tendo uma renda para sobreviver. Precisamos fazer um esfor\u00e7o nesse momento para que a gente n\u00e3o sofra depois com a perda de um ente querido\u201d, disse Juvandia Moreira.<\/p>\n<p><span style=\"text-decoration: underline;\"><strong>Fonte: Contraf-CUT<\/strong><\/span><\/p>\n","protected":false},"excerpt":{"rendered":"<p>Na noite desta segunda-feira (22), quando os brasileiros contabilizaram mais de 294 mil mortes pela Covid-19, banc\u00e1rias e banc\u00e1rios de todo o pa\u00eds realizaram plen\u00e1rias para organizar a participa\u00e7\u00e3o da categoria no Lockdown Nacional em Defesa da Vida, nesta quarta-feira (24). A mobiliza\u00e7\u00e3o \u00e9 organizada pela Central \u00danica dos Trabalhadores (CUT), demais centrais sindicais e [&hellip;]<\/p>\n","protected":false},"author":2,"featured_media":10675,"comment_status":"","ping_status":"","sticky":false,"template":"","format":"standard","meta":{"footnotes":""},"categories":[3],"tags":[],"class_list":["post-10676","post","type-post","status-publish","format-standard","has-post-thumbnail","hentry","category-noticias"],"_links":{"self":[{"href":"https:\/\/hostnetart.com.br\/baixada\/wp-json\/wp\/v2\/posts\/10676","targetHints":{"allow":["GET"]}}],"collection":[{"href":"https:\/\/hostnetart.com.br\/baixada\/wp-json\/wp\/v2\/posts"}],"about":[{"href":"https:\/\/hostnetart.com.br\/baixada\/wp-json\/wp\/v2\/types\/post"}],"author":[{"embeddable":true,"href":"https:\/\/hostnetart.com.br\/baixada\/wp-json\/wp\/v2\/users\/2"}],"replies":[{"embeddable":true,"href":"https:\/\/hostnetart.com.br\/baixada\/wp-json\/wp\/v2\/comments?post=10676"}],"version-history":[{"count":0,"href":"https:\/\/hostnetart.com.br\/baixada\/wp-json\/wp\/v2\/posts\/10676\/revisions"}],"wp:featuredmedia":[{"embeddable":true,"href":"https:\/\/hostnetart.com.br\/baixada\/wp-json\/wp\/v2\/media\/10675"}],"wp:attachment":[{"href":"https:\/\/hostnetart.com.br\/baixada\/wp-json\/wp\/v2\/media?parent=10676"}],"wp:term":[{"taxonomy":"category","embeddable":true,"href":"https:\/\/hostnetart.com.br\/baixada\/wp-json\/wp\/v2\/categories?post=10676"},{"taxonomy":"post_tag","embeddable":true,"href":"https:\/\/hostnetart.com.br\/baixada\/wp-json\/wp\/v2\/tags?post=10676"}],"curies":[{"name":"wp","href":"https:\/\/api.w.org\/{rel}","templated":true}]}}