{"id":10674,"date":"2021-03-24T03:25:46","date_gmt":"2021-03-24T06:25:46","guid":{"rendered":"https:\/\/hostnetart.com.br\/baixada\/cee-caixa-pede-esclarecimentos-a-direcao-do-banco-sobre-comunicado-referente-ao-acolhimento-de-decretos-estaduais\/"},"modified":"2021-03-24T03:25:46","modified_gmt":"2021-03-24T06:25:46","slug":"cee-caixa-pede-esclarecimentos-a-direcao-do-banco-sobre-comunicado-referente-ao-acolhimento-de-decretos-estaduais","status":"publish","type":"post","link":"https:\/\/hostnetart.com.br\/baixada\/cee-caixa-pede-esclarecimentos-a-direcao-do-banco-sobre-comunicado-referente-ao-acolhimento-de-decretos-estaduais\/","title":{"rendered":"CEE\/Caixa pede esclarecimentos \u00e0 dire\u00e7\u00e3o do banco sobre comunicado referente ao acolhimento de decretos estaduais"},"content":{"rendered":"<p>Em of\u00edcio enviado nesta segunda-feira (22), a Comiss\u00e3o Executiva dos Empregados (CEE\/Caixa) pediu que a Caixa esclare\u00e7a o comunicado enviado \u00e0s Superintend\u00eancias sobre o atendimento aos decretos municipais e estaduais, referentes ao agravamento da pandemia.<\/p>\n<p>A coordenadora da CEE\/Caixa e secret\u00e1ria da Cultura da Confedera\u00e7\u00e3o Nacional dos Trabalhadores do Ramo Financeiro (Contraf-CUT), Fabiana Uehara Proscholdt, questiona o comunicado da Caixa que orienta que os empregados em trabalho presencial dever\u00e3o ser direcionados ao trabalho remoto. \u201cSe o comunicado se refere \u00e0 antecipa\u00e7\u00e3o de feriado, os funcion\u00e1rios n\u00e3o podem ser encaminhados para home office. Caso contr\u00e1rio, a Caixa ir\u00e1 pagar hora extra? Por isso pedimos que a Caixa esclare\u00e7a estes pontos. N\u00e3o tem l\u00f3gica colocar os colegas para trabalhar num feriado e, pior, cobrar metas. N\u00e3o pode ser s\u00e9rio um comunicado onde se d\u00e1 a entender que os colegas v\u00e3o ligar para clientes num feriado\u201d, destacou Fabiana.<\/p>\n<p>Ainda no comunicado enviado pela Caixa, o banco informou que suspendeu o agendamento de visitas externas ou contatos fora das ag\u00eancias somente nas regi\u00f5es com n\u00edveis maiores de criticidade da pandemia. A coordenadora da CEE\/Caixa refor\u00e7ou que na reuni\u00e3o do Comando Nacional com a Fenaban, dia 11 de mar\u00e7o, o Comando cobrou a que as visitas externas feitas por banc\u00e1rios, de todos os bancos, sejam suspensas. \u201cO pa\u00eds enfrenta o maior colapso sanit\u00e1rio de sua hist\u00f3ria e \u00e9 necess\u00e1rio proteger os trabalhadores\u201d, ressaltou.<\/p>\n<p><strong>PCMSO<\/strong>\u00a0\u2013 Depois de diversas reivindica\u00e7\u00f5es das entidades em defesa dos empregados, a Caixa suspendeu, temporariamente e em raz\u00e3o do agravamento da pandemia, os exames do Programa de Controle M\u00e9dico de Sa\u00fade Ocupacional (PCMSO). O an\u00fancio foi feito na sexta-feira (19). Segundo o presidente da Apcef\/SP, Leonardo Quadros, a Caixa j\u00e1 havia suspendido, anteriormente, os exames presenciais dos empregados do grupo de risco. \u201cO PCMSO \u00e9 importante, mas neste momento deve ser priorizada a redu\u00e7\u00e3o da circula\u00e7\u00e3o de pessoas para preservar a sa\u00fade\u201d, explicou.<\/p>\n<p><strong>Fonte: Contraf-CUT<\/strong><\/p>\n","protected":false},"excerpt":{"rendered":"<p>Em of\u00edcio enviado nesta segunda-feira (22), a Comiss\u00e3o Executiva dos Empregados (CEE\/Caixa) pediu que a Caixa esclare\u00e7a o comunicado enviado \u00e0s Superintend\u00eancias sobre o atendimento aos decretos municipais e estaduais, referentes ao agravamento da pandemia. A coordenadora da CEE\/Caixa e secret\u00e1ria da Cultura da Confedera\u00e7\u00e3o Nacional dos Trabalhadores do Ramo Financeiro (Contraf-CUT), Fabiana Uehara Proscholdt, [&hellip;]<\/p>\n","protected":false},"author":2,"featured_media":10673,"comment_status":"","ping_status":"","sticky":false,"template":"","format":"standard","meta":{"footnotes":""},"categories":[3],"tags":[],"class_list":["post-10674","post","type-post","status-publish","format-standard","has-post-thumbnail","hentry","category-noticias"],"_links":{"self":[{"href":"https:\/\/hostnetart.com.br\/baixada\/wp-json\/wp\/v2\/posts\/10674","targetHints":{"allow":["GET"]}}],"collection":[{"href":"https:\/\/hostnetart.com.br\/baixada\/wp-json\/wp\/v2\/posts"}],"about":[{"href":"https:\/\/hostnetart.com.br\/baixada\/wp-json\/wp\/v2\/types\/post"}],"author":[{"embeddable":true,"href":"https:\/\/hostnetart.com.br\/baixada\/wp-json\/wp\/v2\/users\/2"}],"replies":[{"embeddable":true,"href":"https:\/\/hostnetart.com.br\/baixada\/wp-json\/wp\/v2\/comments?post=10674"}],"version-history":[{"count":0,"href":"https:\/\/hostnetart.com.br\/baixada\/wp-json\/wp\/v2\/posts\/10674\/revisions"}],"wp:featuredmedia":[{"embeddable":true,"href":"https:\/\/hostnetart.com.br\/baixada\/wp-json\/wp\/v2\/media\/10673"}],"wp:attachment":[{"href":"https:\/\/hostnetart.com.br\/baixada\/wp-json\/wp\/v2\/media?parent=10674"}],"wp:term":[{"taxonomy":"category","embeddable":true,"href":"https:\/\/hostnetart.com.br\/baixada\/wp-json\/wp\/v2\/categories?post=10674"},{"taxonomy":"post_tag","embeddable":true,"href":"https:\/\/hostnetart.com.br\/baixada\/wp-json\/wp\/v2\/tags?post=10674"}],"curies":[{"name":"wp","href":"https:\/\/api.w.org\/{rel}","templated":true}]}}