{"id":10672,"date":"2021-03-23T18:23:59","date_gmt":"2021-03-23T21:23:59","guid":{"rendered":"https:\/\/hostnetart.com.br\/baixada\/sindicato-dos-bancarios-da-baixada-fluminense-reintegra-bancario-do-bradesco\/"},"modified":"2021-03-23T18:23:59","modified_gmt":"2021-03-23T21:23:59","slug":"sindicato-dos-bancarios-da-baixada-fluminense-reintegra-bancario-do-bradesco","status":"publish","type":"post","link":"https:\/\/hostnetart.com.br\/baixada\/sindicato-dos-bancarios-da-baixada-fluminense-reintegra-bancario-do-bradesco\/","title":{"rendered":"Sindicato dos Banc\u00e1rios da Baixada Fluminense reintegra banc\u00e1rio do Bradesco"},"content":{"rendered":"<div>\n<p>Mais um banc\u00e1rio do Banco Bradesco foi reintegrado pelo Sindicato dos Banc\u00e1rios da Baixada Fluminense.<\/p>\n<p>Atrav\u00e9s de seus Departamentos Jur\u00eddico e de Sa\u00fade, o banc\u00e1rio\u00a0Anderson Ferreira do Prado, da ag\u00eancia Engenheiro Pedreira &#8211; Japeri, demitido em plena pandemia do novo coronav\u00edrus, foi reintegrado \u00e0s\u00a0suas fun\u00e7\u00f5es.<\/p>\n<p>A decis\u00e3o foi da\u00a01a Vara do Trabalho de\u00a0Queimados.<\/p>\n<p><span style=\"text-decoration: underline;\">ENTENDA O CASO<\/span><\/p>\n<\/div>\n<div>Os bancos vem contrariando o compromisso firmado com a categoria banc\u00e1ria de n\u00e3o demitir durante a pandemia.\u00a0<\/div>\n<div>\u00a0<\/div>\n<div>Anderson Ferreira, ap\u00f3s sua demiss\u00e3o, procurou o\u00a0Sindicato dos Banc\u00e1rios da Baixada Fluminense, sendo atendido pelo Departamento Jur\u00eddico. Em pouco tempo,\u00a0obteve sua reintegra\u00e7\u00e3o aos quadros de funcion\u00e1rios do Banco\u00a0Bradesco S\/A.<\/div>\n<div>\u00a0<\/div>\n<div><span style=\"text-decoration: underline;\">IMPORTANTE<\/span><\/div>\n<div>\u00a0<\/div>\n<div>Em caso de demiss\u00e3o, a orienta\u00e7\u00e3o \u00e9 para que o banc\u00e1rio ou banc\u00e1ria entre em contato imediatamente com o Sindicato.<\/div>\n<div>\u00a0<\/div>\n<div><strong>SINDICALIZE-SE<\/strong><\/div>\n","protected":false},"excerpt":{"rendered":"<p>Mais um banc\u00e1rio do Banco Bradesco foi reintegrado pelo Sindicato dos Banc\u00e1rios da Baixada Fluminense. Atrav\u00e9s de seus Departamentos Jur\u00eddico e de Sa\u00fade, o banc\u00e1rio\u00a0Anderson Ferreira do Prado, da ag\u00eancia Engenheiro Pedreira &#8211; Japeri, demitido em plena pandemia do novo coronav\u00edrus, foi reintegrado \u00e0s\u00a0suas fun\u00e7\u00f5es. A decis\u00e3o foi da\u00a01a Vara do Trabalho de\u00a0Queimados. ENTENDA O [&hellip;]<\/p>\n","protected":false},"author":2,"featured_media":10671,"comment_status":"","ping_status":"","sticky":false,"template":"","format":"standard","meta":{"footnotes":""},"categories":[3],"tags":[],"class_list":["post-10672","post","type-post","status-publish","format-standard","has-post-thumbnail","hentry","category-noticias"],"_links":{"self":[{"href":"https:\/\/hostnetart.com.br\/baixada\/wp-json\/wp\/v2\/posts\/10672","targetHints":{"allow":["GET"]}}],"collection":[{"href":"https:\/\/hostnetart.com.br\/baixada\/wp-json\/wp\/v2\/posts"}],"about":[{"href":"https:\/\/hostnetart.com.br\/baixada\/wp-json\/wp\/v2\/types\/post"}],"author":[{"embeddable":true,"href":"https:\/\/hostnetart.com.br\/baixada\/wp-json\/wp\/v2\/users\/2"}],"replies":[{"embeddable":true,"href":"https:\/\/hostnetart.com.br\/baixada\/wp-json\/wp\/v2\/comments?post=10672"}],"version-history":[{"count":0,"href":"https:\/\/hostnetart.com.br\/baixada\/wp-json\/wp\/v2\/posts\/10672\/revisions"}],"wp:featuredmedia":[{"embeddable":true,"href":"https:\/\/hostnetart.com.br\/baixada\/wp-json\/wp\/v2\/media\/10671"}],"wp:attachment":[{"href":"https:\/\/hostnetart.com.br\/baixada\/wp-json\/wp\/v2\/media?parent=10672"}],"wp:term":[{"taxonomy":"category","embeddable":true,"href":"https:\/\/hostnetart.com.br\/baixada\/wp-json\/wp\/v2\/categories?post=10672"},{"taxonomy":"post_tag","embeddable":true,"href":"https:\/\/hostnetart.com.br\/baixada\/wp-json\/wp\/v2\/tags?post=10672"}],"curies":[{"name":"wp","href":"https:\/\/api.w.org\/{rel}","templated":true}]}}