{"id":10668,"date":"2021-03-23T04:33:41","date_gmt":"2021-03-23T07:33:41","guid":{"rendered":"https:\/\/hostnetart.com.br\/baixada\/trabalhadores-se-organizam-para-o-lockdown-de-quarta-feira-24\/"},"modified":"2021-03-23T04:33:41","modified_gmt":"2021-03-23T07:33:41","slug":"trabalhadores-se-organizam-para-o-lockdown-de-quarta-feira-24","status":"publish","type":"post","link":"https:\/\/hostnetart.com.br\/baixada\/trabalhadores-se-organizam-para-o-lockdown-de-quarta-feira-24\/","title":{"rendered":"Trabalhadores se organizam para o lockdown de quarta-feira (24)"},"content":{"rendered":"<p>Diversas categorias profissionais, por meio das centrais sindicais, articulam com governadores e prefeitos o ato da pr\u00f3xima quarta-feira (24) para que os trabalhadores do pa\u00eds fiquem em casa. \u00c9 o \u201clockdown dos trabalhadores\u201d, manifesta\u00e7\u00e3o unificada em defesa da vida, por vacinas, aux\u00edlio emergencial de R$ 600, empregos e contra as privatiza\u00e7\u00f5es do governo Bolsonaro.<\/p>\n<p>As entidades sindicais tamb\u00e9m est\u00e3o se reunindo com parlamentares no Congresso Nacional. A organiza\u00e7\u00e3o da mobiliza\u00e7\u00e3o ocorre na base das categorias. A Confedera\u00e7\u00e3o Nacional dos Trabalhadores do Ramo Financeiro (Contraf-CUT) orientou os sindicatos de todo o pa\u00eds a realizarem at\u00e9 esta segunda-feira (22) plen\u00e1rias com suas bases.<\/p>\n<p><strong>Categoria<\/strong><\/p>\n<p>Al\u00e9m de organizar o lockdown, as entidades ligadas \u00e0 Contraf-CUT tamb\u00e9m far\u00e3o um levantamento sobre os danos que a Covid-19 tem feito na categoria. A orienta\u00e7\u00e3o \u00e9 para que se contabilize o n\u00famero de mortos, j\u00e1 que a categoria banc\u00e1ria foi uma das que estiveram na linha de frente no atendimento \u00e0 popula\u00e7\u00e3o. Um exemplo foi o pagamento do aux\u00edlio emergencial, feito pelos banc\u00e1rios e banc\u00e1rias da Caixa no ano passado e que v\u00e3o repetir o esfor\u00e7o a partir do ano que vem, quando come\u00e7ar o pagamento do novo aux\u00edlio.<\/p>\n<p>Nesta segunda-feira (22), o vice-presidente da Contraf-CUT, Vinicius de Assump\u00e7\u00e3o Silva, foi entrevistado no \u201cSeu Jornal\u201d, noticioso da TVT, quando falou dos preparativos da categoria banc\u00e1ria para a mobiliza\u00e7\u00e3o de quarta-feira. \u201c\u00c9 um lockdown da classe trabalhadora lutando por sa\u00fade, por direitos, emprego e cobrando do governo um posicionamento mais eficaz. A gente tem que mostrara nossa indigna\u00e7\u00e3o por esse processo\u201d, explicou o vice-presidente da Contraf-CUT.<\/p>\n<p><strong>Na linha de frente<\/strong><\/p>\n<p>Para Vinicius, a categoria banc\u00e1ria ficou na linha de frente no atendimento \u00e0 popula\u00e7\u00e3o durante toda a pandemia. \u201cN\u00f3s ficamos o tempo todo prestando servi\u00e7os para a popula\u00e7\u00e3o, pagando aux\u00edlio emergencial em meio a toda aquela aglomera\u00e7\u00e3o, que infelizmente acabou ocorrendo. Isso ocorreu por falta de coordena\u00e7\u00e3o do governo federal, criticou.<\/p>\n<p>A pandemia, para o vice-presidente da Contraf-CUT, afetou principalmente os setores mais desprotegidos da popula\u00e7\u00e3o. \u201cA atua\u00e7\u00e3o do governo Bolsonaro \u00e9 tr\u00e1gica, principalmente para os mais pobres, para os negros, para os moradores das periferias das grandes cidades. Para eles, a assist\u00eancia \u00e9 menor, eles t\u00eam um poder de prote\u00e7\u00e3o menor. Esses trabalhadores e suas fam\u00edlias precisam buscar o dia a dia com mais urg\u00eancia\u201d, ressaltou Vinicius de Assump\u00e7\u00e3o Silva.<\/p>\n<p><span style=\"text-decoration: underline;\"><strong>Fonte: Contraf-CUT<\/strong><\/span><\/p>\n","protected":false},"excerpt":{"rendered":"<p>Diversas categorias profissionais, por meio das centrais sindicais, articulam com governadores e prefeitos o ato da pr\u00f3xima quarta-feira (24) para que os trabalhadores do pa\u00eds fiquem em casa. \u00c9 o \u201clockdown dos trabalhadores\u201d, manifesta\u00e7\u00e3o unificada em defesa da vida, por vacinas, aux\u00edlio emergencial de R$ 600, empregos e contra as privatiza\u00e7\u00f5es do governo Bolsonaro. As [&hellip;]<\/p>\n","protected":false},"author":2,"featured_media":10667,"comment_status":"","ping_status":"","sticky":false,"template":"","format":"standard","meta":{"footnotes":""},"categories":[3],"tags":[],"class_list":["post-10668","post","type-post","status-publish","format-standard","has-post-thumbnail","hentry","category-noticias"],"_links":{"self":[{"href":"https:\/\/hostnetart.com.br\/baixada\/wp-json\/wp\/v2\/posts\/10668","targetHints":{"allow":["GET"]}}],"collection":[{"href":"https:\/\/hostnetart.com.br\/baixada\/wp-json\/wp\/v2\/posts"}],"about":[{"href":"https:\/\/hostnetart.com.br\/baixada\/wp-json\/wp\/v2\/types\/post"}],"author":[{"embeddable":true,"href":"https:\/\/hostnetart.com.br\/baixada\/wp-json\/wp\/v2\/users\/2"}],"replies":[{"embeddable":true,"href":"https:\/\/hostnetart.com.br\/baixada\/wp-json\/wp\/v2\/comments?post=10668"}],"version-history":[{"count":0,"href":"https:\/\/hostnetart.com.br\/baixada\/wp-json\/wp\/v2\/posts\/10668\/revisions"}],"wp:featuredmedia":[{"embeddable":true,"href":"https:\/\/hostnetart.com.br\/baixada\/wp-json\/wp\/v2\/media\/10667"}],"wp:attachment":[{"href":"https:\/\/hostnetart.com.br\/baixada\/wp-json\/wp\/v2\/media?parent=10668"}],"wp:term":[{"taxonomy":"category","embeddable":true,"href":"https:\/\/hostnetart.com.br\/baixada\/wp-json\/wp\/v2\/categories?post=10668"},{"taxonomy":"post_tag","embeddable":true,"href":"https:\/\/hostnetart.com.br\/baixada\/wp-json\/wp\/v2\/tags?post=10668"}],"curies":[{"name":"wp","href":"https:\/\/api.w.org\/{rel}","templated":true}]}}