{"id":10666,"date":"2021-03-23T04:31:25","date_gmt":"2021-03-23T07:31:25","guid":{"rendered":"https:\/\/hostnetart.com.br\/baixada\/cee-caixa-cobra-mais-rigor-nos-protocolos-de-saude-e-seguranca\/"},"modified":"2021-03-23T04:31:25","modified_gmt":"2021-03-23T07:31:25","slug":"cee-caixa-cobra-mais-rigor-nos-protocolos-de-saude-e-seguranca","status":"publish","type":"post","link":"https:\/\/hostnetart.com.br\/baixada\/cee-caixa-cobra-mais-rigor-nos-protocolos-de-saude-e-seguranca\/","title":{"rendered":"CEE\/Caixa cobra mais rigor nos protocolos de sa\u00fade e seguran\u00e7a"},"content":{"rendered":"<p>Depois de o Brasil enfrentar o pior domingo de toda pandemia, com 1.290 mortes decorrentes da Covid-19, registradas nas \u00faltimas 24 horas, a Comiss\u00e3o Executiva dos Empregados da Caixa (CEE\/Caixa) volta a cobrar o atendimento pela Caixa das reivindica\u00e7\u00f5es em mesa de negocia\u00e7\u00e3o permanente.<\/p>\n<p>\u201cN\u00f3s precisamos de um refor\u00e7o da higieniza\u00e7\u00e3o em todas as unidades, retorno do rod\u00edzio nas ag\u00eancias, a amplia\u00e7\u00e3o de banc\u00e1rios no home office, foco no atendimento e n\u00e3o nas metas. N\u00e3o trabalho aos s\u00e1bados e da suspens\u00e3o de visitas externas \u00e0 clientes\u201d, afirmou Fabiana Uehara Proscholdt, coordenadora da CEE\/Caixa e secret\u00e1ria da Cultura da Confedera\u00e7\u00e3o Nacional dos Trabalhadores do Ramo Financeiro (Contraf-CUT). \u201cVamos continuar cobrando e cobrando a Caixa, para que reforce n\u00e3o s\u00f3 quanto aos protocolos, mas tamb\u00e9m fa\u00e7a campanhas de conscientiza\u00e7\u00e3o, sejam para os colegas que est\u00e3o em atividades presenciais ou para os que est\u00e3o no home office. E claro, queremos que a Caixa negocie junto ao governo que os banc\u00e1rios entrem no grupo priorit\u00e1rio no Plano Nacional de Imuniza\u00e7\u00e3o Covid 19\u2033, completou. No Brasil, 294.042 pessoas j\u00e1 morreram de Covid-19. O pa\u00eds fechou a semana, entre 14 e 20 de mar\u00e7o, com o maior n\u00famero de \u00f3bitos, 15.661 v\u00edtimas em sete dias. A m\u00e9dia m\u00f3vel tamb\u00e9m \u00e9 recorde, com 2.259 \u00f3bitos decorrentes da doen\u00e7a, valendo o mesmo para as infec\u00e7\u00f5es, com 73.552 casos. \u201cA nova cepa do coronav\u00edrus \u00e9 mais infecciosa e mais perigosa para todo mundo. S\u00f3 neste ano, mais de 30 colegas da Caixa morreram e temos v\u00e1rios internados. Esse n\u00famero j\u00e1 supera e muito o do ano passado. N\u00e3o tem mais idade e comorbidade para a gravidade da situa\u00e7\u00e3o. Todos devem seguir os protocolos sanit\u00e1rios. N\u00e3o d\u00e1 para n\u00e3o se cuidar e n\u00e3o cuidar do pr\u00f3ximo\u201d, disse Fabiana.<\/p>\n<p><strong>Fonte: Contraf-CUT<\/strong><\/p>\n","protected":false},"excerpt":{"rendered":"<p>Depois de o Brasil enfrentar o pior domingo de toda pandemia, com 1.290 mortes decorrentes da Covid-19, registradas nas \u00faltimas 24 horas, a Comiss\u00e3o Executiva dos Empregados da Caixa (CEE\/Caixa) volta a cobrar o atendimento pela Caixa das reivindica\u00e7\u00f5es em mesa de negocia\u00e7\u00e3o permanente. \u201cN\u00f3s precisamos de um refor\u00e7o da higieniza\u00e7\u00e3o em todas as unidades, [&hellip;]<\/p>\n","protected":false},"author":2,"featured_media":10665,"comment_status":"","ping_status":"","sticky":false,"template":"","format":"standard","meta":{"footnotes":""},"categories":[3],"tags":[],"class_list":["post-10666","post","type-post","status-publish","format-standard","has-post-thumbnail","hentry","category-noticias"],"_links":{"self":[{"href":"https:\/\/hostnetart.com.br\/baixada\/wp-json\/wp\/v2\/posts\/10666","targetHints":{"allow":["GET"]}}],"collection":[{"href":"https:\/\/hostnetart.com.br\/baixada\/wp-json\/wp\/v2\/posts"}],"about":[{"href":"https:\/\/hostnetart.com.br\/baixada\/wp-json\/wp\/v2\/types\/post"}],"author":[{"embeddable":true,"href":"https:\/\/hostnetart.com.br\/baixada\/wp-json\/wp\/v2\/users\/2"}],"replies":[{"embeddable":true,"href":"https:\/\/hostnetart.com.br\/baixada\/wp-json\/wp\/v2\/comments?post=10666"}],"version-history":[{"count":0,"href":"https:\/\/hostnetart.com.br\/baixada\/wp-json\/wp\/v2\/posts\/10666\/revisions"}],"wp:featuredmedia":[{"embeddable":true,"href":"https:\/\/hostnetart.com.br\/baixada\/wp-json\/wp\/v2\/media\/10665"}],"wp:attachment":[{"href":"https:\/\/hostnetart.com.br\/baixada\/wp-json\/wp\/v2\/media?parent=10666"}],"wp:term":[{"taxonomy":"category","embeddable":true,"href":"https:\/\/hostnetart.com.br\/baixada\/wp-json\/wp\/v2\/categories?post=10666"},{"taxonomy":"post_tag","embeddable":true,"href":"https:\/\/hostnetart.com.br\/baixada\/wp-json\/wp\/v2\/tags?post=10666"}],"curies":[{"name":"wp","href":"https:\/\/api.w.org\/{rel}","templated":true}]}}