{"id":10660,"date":"2021-03-22T18:40:07","date_gmt":"2021-03-22T21:40:07","guid":{"rendered":"https:\/\/hostnetart.com.br\/baixada\/bb-antecipa-pagamentos-de-vale-alimentacao-e-13-apos-cobranca\/"},"modified":"2021-03-22T18:40:07","modified_gmt":"2021-03-22T21:40:07","slug":"bb-antecipa-pagamentos-de-vale-alimentacao-e-13-apos-cobranca","status":"publish","type":"post","link":"https:\/\/hostnetart.com.br\/baixada\/bb-antecipa-pagamentos-de-vale-alimentacao-e-13-apos-cobranca\/","title":{"rendered":"BB antecipa pagamentos de vale alimenta\u00e7\u00e3o e 13\u00ba ap\u00f3s cobran\u00e7a"},"content":{"rendered":"<p>O Banco do Brasil antecipa para hoje, segunda-feira (22), o pagamento de aux\u00edlios alimenta\u00e7\u00e3o e refei\u00e7\u00e3o, referentes ao m\u00eas de abril e, para o dia 1\u00ba, o pagamento da primeira parcela do 13\u00ba sal\u00e1rio.<\/p>\n<p>\u00c9 a segunda vez que, diante da pandemia, o BB adianta o pagamento desses benef\u00edcios aos funcion\u00e1rios, ap\u00f3s a cobran\u00e7a da Confedera\u00e7\u00e3o Nacional dos Trabalhadores do Ramo Financeiro (Contraf-CUT). Tradicionalmente, a primeira parcela do 13\u00ba \u00e9 depositada junto ao pagamento dos proventos de abril (20\/4) e o pagamento dos aux\u00edlios alimenta\u00e7\u00e3o e refei\u00e7\u00e3o sempre no \u00faltimo dia \u00fatil do m\u00eas.<\/p>\n<p>\u201c\u00c9 importante a dire\u00e7\u00e3o do banco se sensibilizar com a situa\u00e7\u00e3o do pa\u00eds e dos funcion\u00e1rios, apesar de querer impor o programa de reestrutura\u00e7\u00e3o e rebaixamento de sal\u00e1rios\u201d, avalia o coordenador da Comiss\u00e3o de Empresa dos Funcion\u00e1rios do BB (CEBB), Jo\u00e3o Fukunaga.<\/p>\n<p>\u201cFicamos felizes que o Banco do Brasil seja o primeiro a fazer o adiantamento de benef\u00edcios, mesmo ap\u00f3s a confus\u00e3o recente, no extrato do aplicativo da Alelo, informando que o cr\u00e9dito s\u00f3 cairia no dia 22 na conta dos trabalhadores. Detectamos e reportamos o problema ao banco, na \u00faltima sexta-feira (19)\u201d, destaca.<\/p>\n<p>Fukunaga lembra ainda que, em janeiro, a alta administra\u00e7\u00e3o do banco revisou para 40% o percentual do lucro de 2021 a ser distribu\u00eddo para os acionistas. O percentual, aprovado pelo conselho de administra\u00e7\u00e3o do BB, representa um aumento frente ao payout de 35,29% aprovado em 2020.<\/p>\n<p>O BB tamb\u00e9m anunciou, em dezembro, um programa de reestrutura\u00e7\u00e3o, sob o argumento de economizar R$ 300 milh\u00f5es, mas \u00e0s custas da demiss\u00e3o de 5 mil funcion\u00e1rios e fechamento de 361 unidades, sendo 112 ag\u00eancias.<\/p>\n<p>Fonte: Contraf-CUT<\/p>\n","protected":false},"excerpt":{"rendered":"<p>O Banco do Brasil antecipa para hoje, segunda-feira (22), o pagamento de aux\u00edlios alimenta\u00e7\u00e3o e refei\u00e7\u00e3o, referentes ao m\u00eas de abril e, para o dia 1\u00ba, o pagamento da primeira parcela do 13\u00ba sal\u00e1rio. \u00c9 a segunda vez que, diante da pandemia, o BB adianta o pagamento desses benef\u00edcios aos funcion\u00e1rios, ap\u00f3s a cobran\u00e7a da [&hellip;]<\/p>\n","protected":false},"author":2,"featured_media":10659,"comment_status":"","ping_status":"","sticky":false,"template":"","format":"standard","meta":{"footnotes":""},"categories":[3],"tags":[],"class_list":["post-10660","post","type-post","status-publish","format-standard","has-post-thumbnail","hentry","category-noticias"],"_links":{"self":[{"href":"https:\/\/hostnetart.com.br\/baixada\/wp-json\/wp\/v2\/posts\/10660","targetHints":{"allow":["GET"]}}],"collection":[{"href":"https:\/\/hostnetart.com.br\/baixada\/wp-json\/wp\/v2\/posts"}],"about":[{"href":"https:\/\/hostnetart.com.br\/baixada\/wp-json\/wp\/v2\/types\/post"}],"author":[{"embeddable":true,"href":"https:\/\/hostnetart.com.br\/baixada\/wp-json\/wp\/v2\/users\/2"}],"replies":[{"embeddable":true,"href":"https:\/\/hostnetart.com.br\/baixada\/wp-json\/wp\/v2\/comments?post=10660"}],"version-history":[{"count":0,"href":"https:\/\/hostnetart.com.br\/baixada\/wp-json\/wp\/v2\/posts\/10660\/revisions"}],"wp:featuredmedia":[{"embeddable":true,"href":"https:\/\/hostnetart.com.br\/baixada\/wp-json\/wp\/v2\/media\/10659"}],"wp:attachment":[{"href":"https:\/\/hostnetart.com.br\/baixada\/wp-json\/wp\/v2\/media?parent=10660"}],"wp:term":[{"taxonomy":"category","embeddable":true,"href":"https:\/\/hostnetart.com.br\/baixada\/wp-json\/wp\/v2\/categories?post=10660"},{"taxonomy":"post_tag","embeddable":true,"href":"https:\/\/hostnetart.com.br\/baixada\/wp-json\/wp\/v2\/tags?post=10660"}],"curies":[{"name":"wp","href":"https:\/\/api.w.org\/{rel}","templated":true}]}}