{"id":10658,"date":"2021-03-22T04:06:59","date_gmt":"2021-03-22T07:06:59","guid":{"rendered":"https:\/\/hostnetart.com.br\/baixada\/covid-19-preocupe-se-menos-com-superficies-e-busque-mascaras-melhores-e-ventilacao\/"},"modified":"2021-03-22T04:06:59","modified_gmt":"2021-03-22T07:06:59","slug":"covid-19-preocupe-se-menos-com-superficies-e-busque-mascaras-melhores-e-ventilacao","status":"publish","type":"post","link":"https:\/\/hostnetart.com.br\/baixada\/covid-19-preocupe-se-menos-com-superficies-e-busque-mascaras-melhores-e-ventilacao\/","title":{"rendered":"Covid-19: preocupe-se menos com superf\u00edcies e busque m\u00e1scaras melhores e ventila\u00e7\u00e3o"},"content":{"rendered":"<div class=\"the-content\">\n<p>Um ano depois do in\u00edcio da pandemia de covid-19, orienta\u00e7\u00f5es de sa\u00fade gerais ainda se concentram muito em limpeza e desinfec\u00e7\u00e3o de superf\u00edcies. No entanto, pesquisadores do mundo todo consideram que essas medidas s\u00e3o menos importantes para evitar a contamina\u00e7\u00e3o pelo novo coronav\u00edrus, que se transmite majoritariamente por got\u00edculas de saliva e aerossol emitidos pela pessoa contaminada, ao falar, tossir ou espirrar. Especialistas em sa\u00fade defendem que a prote\u00e7\u00e3o efetiva contra a covid-19 se d\u00e1 por medidas como o uso de m\u00e1scaras adequadas e bem ajustadas, manter os ambientes ventilados e preservar o distanciamento das outras pessoas, al\u00e9m de evitar aglomera\u00e7\u00f5es.<\/p>\n<p>A limpeza de superf\u00edcies n\u00e3o est\u00e1 totalmente descartada. Ela \u00e9 apropriada em ambientes com concentra\u00e7\u00e3o de pessoas doentes, no caso de unidades de sa\u00fade, ou se h\u00e1 algu\u00e9m contaminado pelo novo coronav\u00edrus em uma resid\u00eancia. No cotidiano, por\u00e9m, as superf\u00edcies e produtos trazidos do mercado ou recebidos por entregas s\u00e3o considerados de baix\u00edssimo risco de contamina\u00e7\u00e3o de acordo com os estudos mais recentes. Nestes casos, evitar tocar o rosto enquanto estiver manipulando os produtos e lavar as m\u00e3os com \u00e1gua e sab\u00e3o em seguida, s\u00e3o suficientes.<\/p>\n<div id=\"redeb-524859279\" class=\"redeb-conteudo\">\u00a0<\/div>\n<hr class=\"wp-block-separator has-text-color has-background has-luminous-vivid-amber-background-color has-luminous-vivid-amber-color is-style-wide\" \/>\n<ul>\n<li><a href=\"https:\/\/www.redebrasilatual.com.br\/saude-e-ciencia\/2021\/03\/colapso-saude-brasil-registra-2-724-mortos-covid-19-em-24-horas\/\" target=\"_blank\" rel=\"noopener noreferrer\">Em colapso na sa\u00fade, Brasil registra 2.724 mortos por covid-19 em 24 horas<\/a><\/li>\n<\/ul>\n<hr class=\"wp-block-separator has-text-color has-background has-luminous-vivid-amber-background-color has-luminous-vivid-amber-color is-style-wide\" \/>\n<p>A FDA, ag\u00eancia federal do Departamento de Sa\u00fade e Servi\u00e7os Humanos dos Estados Unidos,\u00a0<a href=\"https:\/\/www.fda.gov\/news-events\/press-announcements\/covid-19-update-usda-fda-underscore-current-epidemiologic-and-scientific-information-indicating-no\" target=\"_blank\" rel=\"noopener noreferrer\">publicou documento<\/a>\u00a0em 18 de fevereiro confirmando que o risco de contamina\u00e7\u00e3o pelo novo coronav\u00edrus na manipula\u00e7\u00e3o de alimentos ou embalagens de alimentos \u00e9 extremamente baixo. \u201cConsiderando os mais de 100 milh\u00f5es de casos da covid-19, n\u00e3o temos visto evid\u00eancia epidemiol\u00f3gica de que alimentos ou embalagens de alimentos sejam fontes da transmiss\u00e3o do Sars-CoV-2 aos humanos\u201d, afirmou a ag\u00eancia.<\/p>\n<p>Ao mesmo tempo, o salto das contamina\u00e7\u00f5es e interna\u00e7\u00f5es no Brasil, atribu\u00eddo em parte a cepas mais infecciosas do novo coronav\u00edrus, acendeu o alerta para a necessidade de orientar melhor a popula\u00e7\u00e3o sobre o uso correto de m\u00e1scaras e os melhores tipos para garantir a prote\u00e7\u00e3o contra a covid-19. O pesquisador na Universidade de Vermont e membro do Observat\u00f3rio Covid-19BR Vitor Mori mant\u00e9m em suas redes sociais\u00a0<a href=\"https:\/\/twitter.com\/vitormori\/status\/1326631006837891074\">v\u00e1rias orienta\u00e7\u00f5es sobre o uso m\u00e1scaras<\/a>\u00a0e a import\u00e2ncia de manter locais ventilados.<\/p>\n<h3>O novo coronav\u00edrus se move no ar<\/h3>\n<p>Quando falamos, tossimos, espirramos, cantamos ou respiramos forte, got\u00edculas de saliva s\u00e3o expelidas no ar. As maiores caem mais rapidamente e representam menos risco. Mas as menores, chamadas aeross\u00f3is, permanecem suspensas no ar por at\u00e9 tr\u00eas horas e podem se mover por at\u00e9 oito metros, em locais fechados. Nesses espa\u00e7os deve-se permanecer o menor tempo poss\u00edvel e sempre usar m\u00e1scara para se proteger da covid-19.<\/p>\n<p>Os locais com maior risco de contamina\u00e7\u00e3o s\u00e3o restaurantes, bares, academias e igrejas. Nesses espa\u00e7os, os sons do ambiente fazem com as pessoas falem mais alto \u2013 ou cantem, no caso de igrejas \u2013, emitindo mais aeross\u00f3is. No caso das academias, a respira\u00e7\u00e3o mais forte durante o exerc\u00edcio tem efeito semelhante. J\u00e1 no transporte coletivo, a lota\u00e7\u00e3o \u00e9 o maior problema, pois leva a uma grande concentra\u00e7\u00e3o de aeross\u00f3is e pessoas por longos per\u00edodos.<\/p>\n<hr class=\"wp-block-separator has-text-color has-background has-luminous-vivid-amber-background-color has-luminous-vivid-amber-color is-style-wide\" \/>\n<ul>\n<li><a href=\"https:\/\/www.redebrasilatual.com.br\/politica\/2021\/03\/bolsonaro-reduziu-auxilio-emergencial-excluiu-226-milhoes-pessoas\/\" target=\"_blank\" rel=\"noopener noreferrer\">Bolsonaro reduz valor do aux\u00edlio emergencial e exclui 22,6 milh\u00f5es de pessoas do pagamento<\/a><\/li>\n<\/ul>\n<hr class=\"wp-block-separator has-text-color has-background has-luminous-vivid-amber-background-color has-luminous-vivid-amber-color is-style-wide\" \/>\n<p>Locais abertos, pra\u00e7as e parques, ou bem ventilados levam a uma r\u00e1pida dispers\u00e3o desses aeross\u00f3is, sendo espa\u00e7os mais seguros \u2013 o que n\u00e3o significa que n\u00e3o possa ocorrer a contamina\u00e7\u00e3o. Podem ser utilizados exaustores ou ventiladores nas janelas para melhorar a troca de ar em salas ou outros espa\u00e7os fechados. E sempre utilizar m\u00e1scara e manter o distanciamento, para reduzir o risco de contrair a covid-19. Pesquisadores criaram uma tabela para facilitar a an\u00e1lise de risco de transmiss\u00e3o do novo coronav\u00edrus em rela\u00e7\u00e3o ao ambiente.<\/p>\n<div class=\"code-block code-block-1\">\u00a0<\/div>\n<figure class=\"wp-block-image size-large\"><img decoding=\"async\" class=\"wp-image-478333 lazy loaded\" src=\"https:\/\/www.redebrasilatual.com.br\/wp-content\/uploads\/2021\/03\/EmkkGhsWEAAMbAd-723x1024.jpg\" sizes=\"(max-width: 723px) 100vw, 723px\" srcset=\"https:\/\/www.redebrasilatual.com.br\/wp-content\/uploads\/2021\/03\/EmkkGhsWEAAMbAd-723x1024.jpg 723w, https:\/\/www.redebrasilatual.com.br\/wp-content\/uploads\/2021\/03\/EmkkGhsWEAAMbAd-254x360.jpg 254w, https:\/\/www.redebrasilatual.com.br\/wp-content\/uploads\/2021\/03\/EmkkGhsWEAAMbAd-768x1087.jpg 768w, https:\/\/www.redebrasilatual.com.br\/wp-content\/uploads\/2021\/03\/EmkkGhsWEAAMbAd-1085x1536.jpg 1085w, https:\/\/www.redebrasilatual.com.br\/wp-content\/uploads\/2021\/03\/EmkkGhsWEAAMbAd.jpg 1200w\" alt=\"\" data-src=\"https:\/\/www.redebrasilatual.com.br\/wp-content\/uploads\/2021\/03\/EmkkGhsWEAAMbAd-723x1024.jpg\" data-srcset=\"https:\/\/www.redebrasilatual.com.br\/wp-content\/uploads\/2021\/03\/EmkkGhsWEAAMbAd-723x1024.jpg 723w, https:\/\/www.redebrasilatual.com.br\/wp-content\/uploads\/2021\/03\/EmkkGhsWEAAMbAd-254x360.jpg 254w, https:\/\/www.redebrasilatual.com.br\/wp-content\/uploads\/2021\/03\/EmkkGhsWEAAMbAd-768x1087.jpg 768w, https:\/\/www.redebrasilatual.com.br\/wp-content\/uploads\/2021\/03\/EmkkGhsWEAAMbAd-1085x1536.jpg 1085w, https:\/\/www.redebrasilatual.com.br\/wp-content\/uploads\/2021\/03\/EmkkGhsWEAAMbAd.jpg 1200w\" data-sizes=\"(max-width: 723px) 100vw, 723px\" data-was-processed=\"true\" \/><\/figure>\n<h3>M\u00e1scaras eficientes contra a covid-19<\/h3>\n<p>No caso das m\u00e1scaras contra a covid-19, os pesquisadores apontam sempre para o uso de equipamentos mais eficazes, caso das m\u00e1scaras PFF2 ou N95, utilizadas por profissionais de sa\u00fade. Escrit\u00f3rios, unidades de sa\u00fade, transporte coletivo, s\u00e3o exemplos de locais fechados, com grande concentra\u00e7\u00e3o de pessoas, que demandam o uso desse tipo de equipamento. No entanto, a alta procura levou a um aumento significativo no pre\u00e7o desses produtos, o que pode torn\u00e1-las inacess\u00edveis para boa parte da popula\u00e7\u00e3o.<\/p>\n<p>As m\u00e1scaras PFF2 e N95 s\u00e3o descart\u00e1veis, mas podem ser reutilizadas, com alguns cuidados. Nenhum tipo de produto de limpeza ou desinfec\u00e7\u00e3o deve ser passado nelas. Ap\u00f3s o uso, elas devem descansar penduradas em local seco e arejado, por, pelo menos, cinco dias. Quando for reutilizar, procure rasgos, rupturas ou desgastes, tanto no tecido quanto nos el\u00e1sticos. Se houver, descarte a m\u00e1scara e pegue uma nova.<\/p>\n<p>No entanto, em espa\u00e7os abertos, uma m\u00e1scara cir\u00fargica, com uma m\u00e1scara de tecido dupla camada por cima, garante uma boa prote\u00e7\u00e3o. Desde que esteja bem ajustada no rosto, cobrindo totalmente o nariz e a boca. Se necess\u00e1rio, \u00e9 poss\u00edvel fazer um la\u00e7o na al\u00e7a para aumentar o aperto. M\u00e1scaras que prendem na cabe\u00e7a, ao inv\u00e9s de prender nas orelhas, s\u00e3o mais confort\u00e1veis de usar por per\u00edodos maiores.<\/p>\n<figure class=\"wp-block-image size-large\"><img decoding=\"async\" class=\"wp-image-478334 lazy loaded\" src=\"https:\/\/www.redebrasilatual.com.br\/wp-content\/uploads\/2021\/03\/Emf4BsHXEAILQJP-1024x791.jpg\" sizes=\"(max-width: 1024px) 100vw, 1024px\" srcset=\"https:\/\/www.redebrasilatual.com.br\/wp-content\/uploads\/2021\/03\/Emf4BsHXEAILQJP-1024x791.jpg 1024w, https:\/\/www.redebrasilatual.com.br\/wp-content\/uploads\/2021\/03\/Emf4BsHXEAILQJP-360x278.jpg 360w, https:\/\/www.redebrasilatual.com.br\/wp-content\/uploads\/2021\/03\/Emf4BsHXEAILQJP-768x593.jpg 768w, https:\/\/www.redebrasilatual.com.br\/wp-content\/uploads\/2021\/03\/Emf4BsHXEAILQJP.jpg 1200w\" alt=\"\" data-src=\"https:\/\/www.redebrasilatual.com.br\/wp-content\/uploads\/2021\/03\/Emf4BsHXEAILQJP-1024x791.jpg\" data-srcset=\"https:\/\/www.redebrasilatual.com.br\/wp-content\/uploads\/2021\/03\/Emf4BsHXEAILQJP-1024x791.jpg 1024w, https:\/\/www.redebrasilatual.com.br\/wp-content\/uploads\/2021\/03\/Emf4BsHXEAILQJP-360x278.jpg 360w, https:\/\/www.redebrasilatual.com.br\/wp-content\/uploads\/2021\/03\/Emf4BsHXEAILQJP-768x593.jpg 768w, https:\/\/www.redebrasilatual.com.br\/wp-content\/uploads\/2021\/03\/Emf4BsHXEAILQJP.jpg 1200w\" data-sizes=\"(max-width: 1024px) 100vw, 1024px\" data-was-processed=\"true\" \/><\/figure>\n<p>Em rela\u00e7\u00e3o \u00e0 prote\u00e7\u00e3o, as m\u00e1scaras PFF2 ou N95 s\u00e3o capazes de bloquear at\u00e9 99% das part\u00edculas. Uma m\u00e1scara cir\u00fargica com uma de tecido com dupla camada por cima tem efic\u00e1cia de 90%. Apenas a m\u00e1scara cir\u00fargica, chega a 60%. E apenas a m\u00e1scara de tecido com tr\u00eas camadas, 50%. Bandanas, protetores de pesco\u00e7o, cachec\u00f3is e m\u00e1scaras de tecido el\u00e1stico com costura frontal s\u00e3o inadequadas e oferecem muito pouca prote\u00e7\u00e3o.<\/p>\n<div id=\"redeb-839467349\" class=\"redeb-depois-do-conteudo_2\">\u00a0<\/div>\n<\/div>\n<div class=\"column large-12 small-12 no-padding\">\n<div class=\"post-content--tags\">\n<div class=\"post-content--section-title fz-14 mr-15\"><strong>Fonte: Rede Brasil Atual\u00a0<\/strong><\/div>\n<\/div>\n<\/div>\n","protected":false},"excerpt":{"rendered":"<p>Um ano depois do in\u00edcio da pandemia de covid-19, orienta\u00e7\u00f5es de sa\u00fade gerais ainda se concentram muito em limpeza e desinfec\u00e7\u00e3o de superf\u00edcies. No entanto, pesquisadores do mundo todo consideram que essas medidas s\u00e3o menos importantes para evitar a contamina\u00e7\u00e3o pelo novo coronav\u00edrus, que se transmite majoritariamente por got\u00edculas de saliva e aerossol emitidos pela [&hellip;]<\/p>\n","protected":false},"author":2,"featured_media":10657,"comment_status":"","ping_status":"","sticky":false,"template":"","format":"standard","meta":{"footnotes":""},"categories":[3],"tags":[],"class_list":["post-10658","post","type-post","status-publish","format-standard","has-post-thumbnail","hentry","category-noticias"],"_links":{"self":[{"href":"https:\/\/hostnetart.com.br\/baixada\/wp-json\/wp\/v2\/posts\/10658","targetHints":{"allow":["GET"]}}],"collection":[{"href":"https:\/\/hostnetart.com.br\/baixada\/wp-json\/wp\/v2\/posts"}],"about":[{"href":"https:\/\/hostnetart.com.br\/baixada\/wp-json\/wp\/v2\/types\/post"}],"author":[{"embeddable":true,"href":"https:\/\/hostnetart.com.br\/baixada\/wp-json\/wp\/v2\/users\/2"}],"replies":[{"embeddable":true,"href":"https:\/\/hostnetart.com.br\/baixada\/wp-json\/wp\/v2\/comments?post=10658"}],"version-history":[{"count":0,"href":"https:\/\/hostnetart.com.br\/baixada\/wp-json\/wp\/v2\/posts\/10658\/revisions"}],"wp:featuredmedia":[{"embeddable":true,"href":"https:\/\/hostnetart.com.br\/baixada\/wp-json\/wp\/v2\/media\/10657"}],"wp:attachment":[{"href":"https:\/\/hostnetart.com.br\/baixada\/wp-json\/wp\/v2\/media?parent=10658"}],"wp:term":[{"taxonomy":"category","embeddable":true,"href":"https:\/\/hostnetart.com.br\/baixada\/wp-json\/wp\/v2\/categories?post=10658"},{"taxonomy":"post_tag","embeddable":true,"href":"https:\/\/hostnetart.com.br\/baixada\/wp-json\/wp\/v2\/tags?post=10658"}],"curies":[{"name":"wp","href":"https:\/\/api.w.org\/{rel}","templated":true}]}}