{"id":10656,"date":"2021-03-22T04:03:47","date_gmt":"2021-03-22T07:03:47","guid":{"rendered":"https:\/\/hostnetart.com.br\/baixada\/depois-de-cobranca-dos-empregados-caixa-amplia-projeto-remoto\/"},"modified":"2021-03-22T04:03:47","modified_gmt":"2021-03-22T07:03:47","slug":"depois-de-cobranca-dos-empregados-caixa-amplia-projeto-remoto","status":"publish","type":"post","link":"https:\/\/hostnetart.com.br\/baixada\/depois-de-cobranca-dos-empregados-caixa-amplia-projeto-remoto\/","title":{"rendered":"Depois de cobran\u00e7a dos empregados, Caixa amplia Projeto Remoto"},"content":{"rendered":"<p>Depois da Confedera\u00e7\u00e3o Nacional dos Trabalhadores do Ramo Financeiro (Contraf-CUT) e a Comiss\u00e3o Executiva dos Empregados (CEE) cobrarem a amplia\u00e7\u00e3o do Projeto Remoto, a Caixa Econ\u00f4mica Federal autorizou, nesta sexta-feira (19), o teletrabalho at\u00e9 o dia 30 de junho.<\/p>\n<p>Fabiana Uehara Proscholdt, coordenadora da CEE\/Caixa e secret\u00e1ria da Cultura da Contraf-CUT, lembrou que o an\u00fancio atende a uma reivindica\u00e7\u00e3o da categoria, feita na mesa de negocia\u00e7\u00e3o permanente com o banco p\u00fablico na ter\u00e7a-feira (16) e na reuni\u00e3o de negocia\u00e7\u00e3o entre o Comando Nacional dos Banc\u00e1rios e a Federa\u00e7\u00e3o Nacional dos Bancos, na semana passada. \u201cEstamos vivendo a pior fase da pandemia no Brasil, o pa\u00eds enfrenta o maior colapso sanit\u00e1rio de sua hist\u00f3ria, j\u00e1 superou a m\u00e9dia de 2 mil mortes di\u00e1rias por Covid-19 nesta semana, n\u00f3s precisamos proteger os empregados. Por isso, quanto mais pessoas puderem ficar em casa, melhor\u201d, disse a dirigente da Contraf-CUT.<\/p>\n<p>Os empregados do grupo de risco e de preven\u00e7\u00e3o Ampliada da Caixa devem permanecer remotamente. J\u00e1 os demais empregados, cabe a cada Vice-Presid\u00eancia\/Diretoria de vincula\u00e7\u00e3o definir o percentual a ser direcionado ao Projeto Remoto Excepcional, observada a especificidade das atividades realizadas pelas unidades vinculadas, assim como a presta\u00e7\u00e3o de servi\u00e7os essenciais \u00e0 sociedade.<\/p>\n<p>Para Fabiana, falta ainda uma centralidade nesta tomada de decis\u00e3o. \u201c\u00c9 errado cada vice-presid\u00eancia definir um percentual de colegas em home office. N\u00f3s entendemos que deve haver uma centralidade na empresa, com a mesma orienta\u00e7\u00e3o para todos. Quantos mais colegas puderem ficar em casa, \u00e9 melhor n\u00e3o s\u00f3 para os empregados, como tamb\u00e9m para a sociedade como um todo.\u201d<\/p>\n<p>A CEE\/Caixa reitera ainda outras reivindica\u00e7\u00f5es feitas em mesa de negocia\u00e7\u00e3o permanente, como o compartilhamento com a Comiss\u00e3o dos comunicados enviados aos empregados por meios internos; o refor\u00e7o no cumprimento dos protocolos de sa\u00fade e seguran\u00e7a contra a Covid-19; e a retoma do rod\u00edzio nas ag\u00eancias. \u201cO rod\u00edzio entre os empregados precisa come\u00e7ar j\u00e1, independente do pagamento do aux\u00edlio emergencial. Todos est\u00e3o exaustos e merecem descanso\u201d, finalizou Fabiana.<\/p>\n<p><strong>Fonte: Contraf-CUT<\/strong><\/p>\n","protected":false},"excerpt":{"rendered":"<p>Depois da Confedera\u00e7\u00e3o Nacional dos Trabalhadores do Ramo Financeiro (Contraf-CUT) e a Comiss\u00e3o Executiva dos Empregados (CEE) cobrarem a amplia\u00e7\u00e3o do Projeto Remoto, a Caixa Econ\u00f4mica Federal autorizou, nesta sexta-feira (19), o teletrabalho at\u00e9 o dia 30 de junho. Fabiana Uehara Proscholdt, coordenadora da CEE\/Caixa e secret\u00e1ria da Cultura da Contraf-CUT, lembrou que o an\u00fancio [&hellip;]<\/p>\n","protected":false},"author":2,"featured_media":10655,"comment_status":"","ping_status":"","sticky":false,"template":"","format":"standard","meta":{"footnotes":""},"categories":[3],"tags":[],"class_list":["post-10656","post","type-post","status-publish","format-standard","has-post-thumbnail","hentry","category-noticias"],"_links":{"self":[{"href":"https:\/\/hostnetart.com.br\/baixada\/wp-json\/wp\/v2\/posts\/10656","targetHints":{"allow":["GET"]}}],"collection":[{"href":"https:\/\/hostnetart.com.br\/baixada\/wp-json\/wp\/v2\/posts"}],"about":[{"href":"https:\/\/hostnetart.com.br\/baixada\/wp-json\/wp\/v2\/types\/post"}],"author":[{"embeddable":true,"href":"https:\/\/hostnetart.com.br\/baixada\/wp-json\/wp\/v2\/users\/2"}],"replies":[{"embeddable":true,"href":"https:\/\/hostnetart.com.br\/baixada\/wp-json\/wp\/v2\/comments?post=10656"}],"version-history":[{"count":0,"href":"https:\/\/hostnetart.com.br\/baixada\/wp-json\/wp\/v2\/posts\/10656\/revisions"}],"wp:featuredmedia":[{"embeddable":true,"href":"https:\/\/hostnetart.com.br\/baixada\/wp-json\/wp\/v2\/media\/10655"}],"wp:attachment":[{"href":"https:\/\/hostnetart.com.br\/baixada\/wp-json\/wp\/v2\/media?parent=10656"}],"wp:term":[{"taxonomy":"category","embeddable":true,"href":"https:\/\/hostnetart.com.br\/baixada\/wp-json\/wp\/v2\/categories?post=10656"},{"taxonomy":"post_tag","embeddable":true,"href":"https:\/\/hostnetart.com.br\/baixada\/wp-json\/wp\/v2\/tags?post=10656"}],"curies":[{"name":"wp","href":"https:\/\/api.w.org\/{rel}","templated":true}]}}