{"id":10654,"date":"2021-03-19T16:46:59","date_gmt":"2021-03-19T19:46:59","guid":{"rendered":"https:\/\/hostnetart.com.br\/baixada\/caixa-creditou-parte-da-segunda-parcela-da-plr-na-quinta-18\/"},"modified":"2021-03-19T16:46:59","modified_gmt":"2021-03-19T19:46:59","slug":"caixa-creditou-parte-da-segunda-parcela-da-plr-na-quinta-18","status":"publish","type":"post","link":"https:\/\/hostnetart.com.br\/baixada\/caixa-creditou-parte-da-segunda-parcela-da-plr-na-quinta-18\/","title":{"rendered":"Caixa creditou parte da segunda parcela da PLR na quinta (18)"},"content":{"rendered":"<p><a href=\"https:\/\/contrafcut.com.br\/noticias\/cee-caixa-faz-nova-cobranca-sobre-pagamento-da-2a-parcela-da-plr\/\" target=\"_blank\" rel=\"noopener noreferrer\">Depois da Confedera\u00e7\u00e3o Nacional dos Trabalhadores do Ramo Financeiro (Contraf\/CUT) e a Comiss\u00e3o Executiva dos Empregados (CEE\/Caixa) cobrarem a antecipa\u00e7\u00e3o do pagamento da segunda parcela da Participa\u00e7\u00e3o nos Lucros ou Resultados (PLR)<\/a>, a dire\u00e7\u00e3o do banco anunciou que os valores foram creditados a partir de quinta-feira (18).<\/p>\n<p>De acordo com o of\u00edcio enviado ao banco, o pagamento da PLR \u00e9 uma forma de reconhecimento do esfor\u00e7o redobrado dos trabalhadores com o pagamento do aux\u00edlio emergencial e outros benef\u00edcios. Mais da metade da popula\u00e7\u00e3o brasileira, cerca de 100 milh\u00f5es de pessoas, passaram pela Caixa em busca dos aux\u00edlios.<\/p>\n<p>Em comunicado interno, o banco informou que \u201cos valores que ser\u00e3o creditados correspondem a 50% do complemento da PLR para os empregados que possuem desconto de Pens\u00e3o Aliment\u00edcia e 70% para os demais empregados, em virtude, tamb\u00e9m, da dedu\u00e7\u00e3o de Imposto de Renda e das Contribui\u00e7\u00f5es Negociais. Os acertos devidos ocorrer\u00e3o na folha de mar\u00e7o 2021.\u201d<\/p>\n<p>\u201cEstranho \u00e9 o presidente da Caixa n\u00e3o falar nada na live que falou do balan\u00e7o. S\u00f3 soltaram uma mat\u00e9ria na intranet no decorrer da tarde. E j\u00e1 recebemos den\u00fancias de contesta\u00e7\u00e3o dos valores, mas at\u00e9 para nos posicionarmos sobre isso, estamos aguardando a divulga\u00e7\u00e3o dos contracheques\u201d, falou a coordenadora da CEE\/Caixa e secret\u00e1ria da Cultura da Contraf-CUT, Fabiana Uehara Proscholdt.<\/p>\n<p><strong>Fonte: Contraf-CUT<\/strong><\/p>\n","protected":false},"excerpt":{"rendered":"<p>Depois da Confedera\u00e7\u00e3o Nacional dos Trabalhadores do Ramo Financeiro (Contraf\/CUT) e a Comiss\u00e3o Executiva dos Empregados (CEE\/Caixa) cobrarem a antecipa\u00e7\u00e3o do pagamento da segunda parcela da Participa\u00e7\u00e3o nos Lucros ou Resultados (PLR), a dire\u00e7\u00e3o do banco anunciou que os valores foram creditados a partir de quinta-feira (18). De acordo com o of\u00edcio enviado ao banco, [&hellip;]<\/p>\n","protected":false},"author":2,"featured_media":10653,"comment_status":"","ping_status":"","sticky":false,"template":"","format":"standard","meta":{"footnotes":""},"categories":[3],"tags":[],"class_list":["post-10654","post","type-post","status-publish","format-standard","has-post-thumbnail","hentry","category-noticias"],"_links":{"self":[{"href":"https:\/\/hostnetart.com.br\/baixada\/wp-json\/wp\/v2\/posts\/10654","targetHints":{"allow":["GET"]}}],"collection":[{"href":"https:\/\/hostnetart.com.br\/baixada\/wp-json\/wp\/v2\/posts"}],"about":[{"href":"https:\/\/hostnetart.com.br\/baixada\/wp-json\/wp\/v2\/types\/post"}],"author":[{"embeddable":true,"href":"https:\/\/hostnetart.com.br\/baixada\/wp-json\/wp\/v2\/users\/2"}],"replies":[{"embeddable":true,"href":"https:\/\/hostnetart.com.br\/baixada\/wp-json\/wp\/v2\/comments?post=10654"}],"version-history":[{"count":0,"href":"https:\/\/hostnetart.com.br\/baixada\/wp-json\/wp\/v2\/posts\/10654\/revisions"}],"wp:featuredmedia":[{"embeddable":true,"href":"https:\/\/hostnetart.com.br\/baixada\/wp-json\/wp\/v2\/media\/10653"}],"wp:attachment":[{"href":"https:\/\/hostnetart.com.br\/baixada\/wp-json\/wp\/v2\/media?parent=10654"}],"wp:term":[{"taxonomy":"category","embeddable":true,"href":"https:\/\/hostnetart.com.br\/baixada\/wp-json\/wp\/v2\/categories?post=10654"},{"taxonomy":"post_tag","embeddable":true,"href":"https:\/\/hostnetart.com.br\/baixada\/wp-json\/wp\/v2\/tags?post=10654"}],"curies":[{"name":"wp","href":"https:\/\/api.w.org\/{rel}","templated":true}]}}