{"id":10652,"date":"2021-03-19T16:45:39","date_gmt":"2021-03-19T19:45:39","guid":{"rendered":"https:\/\/hostnetart.com.br\/baixada\/reportagem-de-tv-evidencia-esgotamento-dos-empregados-caixa-na-pandemia\/"},"modified":"2021-03-19T16:45:39","modified_gmt":"2021-03-19T19:45:39","slug":"reportagem-de-tv-evidencia-esgotamento-dos-empregados-caixa-na-pandemia","status":"publish","type":"post","link":"https:\/\/hostnetart.com.br\/baixada\/reportagem-de-tv-evidencia-esgotamento-dos-empregados-caixa-na-pandemia\/","title":{"rendered":"Reportagem de TV evidencia esgotamento dos empregados Caixa na pandemia"},"content":{"rendered":"<p>O esgotamento dos empregados da Caixa Econ\u00f4mica Federal durante a pandemia foi tema de reportagem veiculada pelo jornal RJTV nesta quarta-feira (17). Al\u00e9m do pagamento do aux\u00edlio emergencial e de outros programas do governo para ajudar a popula\u00e7\u00e3o a enfrentar a crise, a cobran\u00e7a por metas e resultados tem provocado adoecimento dos trabalhadores.<\/p>\n<p>A mat\u00e9ria de TV divulgou pesquisa feita pelo Departamento Intersindical de Estat\u00edstica e Estudos Socioecon\u00f4micos (Dieese) com gestores e assistentes da Caixa do Rio de Janeiro que confirma o esgotamento dos empregados. O levantamento mostra que 68% dos profissionais relataram ansiedade, depress\u00e3o, ang\u00fastia e p\u00e2nico. 46% relacionaram estes sintomas \u00e0 Covid-19. 37% dos profissionais consultados declararam problemas de sa\u00fade mental. Destes, 98% atribuem o adoecimento ao trabalho na Caixa. Cerca de 73,9% dos pesquisados que atuam nas ag\u00eancias responderam que, durante a pandemia, trabalharam mais do que a jornada contratual.<\/p>\n<p>\u00c9 importante lembrar que a Caixa n\u00e3o divulga o n\u00famero oficial de contamina\u00e7\u00f5es e mortes entre os trabalhadores do banco, apesar da cobran\u00e7a das entidades sindicais e associativas. \u201cSe era dif\u00edcil para quem ficava horas esperando [nas filas], l\u00e1 dentro os funcion\u00e1rios tamb\u00e9m sentiram, e muito, os efeitos da carga extra de trabalho\u201d, informou o jornal. O volume de trabalho provocou o afastamento de muitos trabalhadores do servi\u00e7o presencial, mas a dire\u00e7\u00e3o do banco n\u00e3o rep\u00f4s os funcion\u00e1rios, aumentando a jornada de quem ficou nas ag\u00eancias. O jornal mostrou depoimentos de empregados relatando que as cobran\u00e7as por metas e resultados continuaram, mesmo diante do trabalho extenuante durante a pandemia.<\/p>\n<p>A coordenadora da Comiss\u00e3o Executiva dos Empregados (CEE\/Caixa) e secret\u00e1ria da Cultura da Confedera\u00e7\u00e3o Nacional dos Trabalhadores do Ramo Financeiro (Contraf-CUT), Fabiana Uehara Proscholdt, informou que a pesquisa foi entregue na mesa de negocia\u00e7\u00e3o com a empresa, realizada na ter\u00e7a-feira (16). \u201cA pesquisa foi realizada entre os gestores do Rio de Janeiro, mas reflete o que est\u00e1 sendo vivenciado por todos os empregados da Caixa no pa\u00eds inteiro. Com a retomada do aux\u00edlio emergencial, a situa\u00e7\u00e3o volta a piorar\u201d, avaliou Fabiana. \u201cPor isso temos debatido com o banco a necessidade de amplia\u00e7\u00e3o dos protocolos de seguran\u00e7a para proteger a sa\u00fade dos empregados e da popula\u00e7\u00e3o contra o coronav\u00edrus, mais contrata\u00e7\u00f5es para melhorar as condi\u00e7\u00f5es de trabalho e, claro, que o foco dos colegas que est\u00e3o nas ag\u00eancias seja o atendimento e n\u00e3o cobran\u00e7a de metas\u201d, ressaltou.<\/p>\n<p>Durante a entrevista ao jornal, o presidente da Associa\u00e7\u00e3o de Gestores da Caixa (Agecef) no Rio de Janeiro e integrante da CEE\/Caixa, Rog\u00e9rio Campanate, falou sobre o d\u00e9ficit de empregados do banco. \u201cNos \u00faltimos 5 anos, a gente teve uma baixa de quase 20 mil vagas. Foram sucessivos planos de demiss\u00e3o volunt\u00e1ria que a empresa n\u00e3o fez reposi\u00e7\u00e3o. J\u00e1 fomos mais de 100 mil empregados e agora somos pouco mais de 80 mil\u201d, disse Campanate.<\/p>\n<p><strong>Fonte: Contraf-CUT<\/strong><\/p>\n","protected":false},"excerpt":{"rendered":"<p>O esgotamento dos empregados da Caixa Econ\u00f4mica Federal durante a pandemia foi tema de reportagem veiculada pelo jornal RJTV nesta quarta-feira (17). Al\u00e9m do pagamento do aux\u00edlio emergencial e de outros programas do governo para ajudar a popula\u00e7\u00e3o a enfrentar a crise, a cobran\u00e7a por metas e resultados tem provocado adoecimento dos trabalhadores. A mat\u00e9ria [&hellip;]<\/p>\n","protected":false},"author":2,"featured_media":10651,"comment_status":"","ping_status":"","sticky":false,"template":"","format":"standard","meta":{"footnotes":""},"categories":[3],"tags":[],"class_list":["post-10652","post","type-post","status-publish","format-standard","has-post-thumbnail","hentry","category-noticias"],"_links":{"self":[{"href":"https:\/\/hostnetart.com.br\/baixada\/wp-json\/wp\/v2\/posts\/10652","targetHints":{"allow":["GET"]}}],"collection":[{"href":"https:\/\/hostnetart.com.br\/baixada\/wp-json\/wp\/v2\/posts"}],"about":[{"href":"https:\/\/hostnetart.com.br\/baixada\/wp-json\/wp\/v2\/types\/post"}],"author":[{"embeddable":true,"href":"https:\/\/hostnetart.com.br\/baixada\/wp-json\/wp\/v2\/users\/2"}],"replies":[{"embeddable":true,"href":"https:\/\/hostnetart.com.br\/baixada\/wp-json\/wp\/v2\/comments?post=10652"}],"version-history":[{"count":0,"href":"https:\/\/hostnetart.com.br\/baixada\/wp-json\/wp\/v2\/posts\/10652\/revisions"}],"wp:featuredmedia":[{"embeddable":true,"href":"https:\/\/hostnetart.com.br\/baixada\/wp-json\/wp\/v2\/media\/10651"}],"wp:attachment":[{"href":"https:\/\/hostnetart.com.br\/baixada\/wp-json\/wp\/v2\/media?parent=10652"}],"wp:term":[{"taxonomy":"category","embeddable":true,"href":"https:\/\/hostnetart.com.br\/baixada\/wp-json\/wp\/v2\/categories?post=10652"},{"taxonomy":"post_tag","embeddable":true,"href":"https:\/\/hostnetart.com.br\/baixada\/wp-json\/wp\/v2\/tags?post=10652"}],"curies":[{"name":"wp","href":"https:\/\/api.w.org\/{rel}","templated":true}]}}