{"id":10648,"date":"2021-03-19T15:00:04","date_gmt":"2021-03-19T18:00:04","guid":{"rendered":"https:\/\/hostnetart.com.br\/baixada\/funcionarios-cobram-negociacao-sobre-limaca-e-coparticipacao-na-cassi\/"},"modified":"2021-03-19T15:00:04","modified_gmt":"2021-03-19T18:00:04","slug":"funcionarios-cobram-negociacao-sobre-limaca-e-coparticipacao-na-cassi","status":"publish","type":"post","link":"https:\/\/hostnetart.com.br\/baixada\/funcionarios-cobram-negociacao-sobre-limaca-e-coparticipacao-na-cassi\/","title":{"rendered":"Funcion\u00e1rios cobram negocia\u00e7\u00e3o sobre Limaca e coparticipa\u00e7\u00e3o na Cassi"},"content":{"rendered":"<p>A Confedera\u00e7\u00e3o Nacional dos Trabalhadores do Ramo Financeiro (Contraf-CUT) e demais entidades de representa\u00e7\u00e3o dos funcion\u00e1rios da ativa e aposentados do Banco do Brasil (AAFBB, ANABB e FAABB) se re\u00fanem no pr\u00f3ximo dia 25 de mar\u00e7o com a diretoria da Caixa de Assist\u00eancia dos Funcion\u00e1rios (Cassi) para debater sobre a redu\u00e7\u00e3o dos valores de coparticipa\u00e7\u00e3o e a revis\u00e3o da Lista de Materiais e Medicamentos Abon\u00e1veis da Cassi (Limaca).<\/p>\n<p>Para as entidades de representa\u00e7\u00e3o dos trabalhadores este \u00e9 um debate priorit\u00e1rio, uma vez que j\u00e1 cobraram v\u00e1rias vezes da Cassi sobre estes assuntos. Inclusive na posse do novo diretor, neste ano, foi enviado um of\u00edcio cobrando que o diretor Flesch cumpra com o que se comprometeu em sua campanha eleitoral: reduzir a coparticipa\u00e7\u00e3o.<\/p>\n<p>A realiza\u00e7\u00e3o das reuni\u00f5es com as entidades representativas de funcion\u00e1rios da ativa e aposentados do BB \u00e9 um compromisso assumido desde a negocia\u00e7\u00e3o da proposta de sustentabilidade da Cassi. Tamb\u00e9m \u00e9 uma oportunidade para o acompanhamento da evolu\u00e7\u00e3o financeira da Cassi e para o esclarecimento de d\u00favidas dos associados sobre temas como coparticipa\u00e7\u00e3o, assist\u00eancia farmac\u00eautica, aten\u00e7\u00e3o integral \u00e0 sa\u00fade e a situa\u00e7\u00e3o dos funcion\u00e1rios dos bancos incorporados.<\/p>\n<p>As entidades de representa\u00e7\u00e3o dos funcion\u00e1rios esperam que o debate seja realizado com seriedade, uma vez que, tanto a n\u00e3o revis\u00e3o da Limaca, quanto a n\u00e3o redu\u00e7\u00e3o dos valores de coparticipa\u00e7\u00e3o, afetam muito os associados da Cassi, que est\u00e3o entre os representados das entidades. Al\u00e9m disso, lembram que a coparticipa\u00e7\u00e3o \u00e9 um ponto que onera apenas os associados e isenta o banco.<\/p>\n<h3><strong>Coparticipa\u00e7\u00e3o<\/strong><\/h3>\n<p>Na \u00faltima reuni\u00e3o, os representantes dos funcion\u00e1rios questionaram o fato da diretoria da Cassi n\u00e3o ter se manifestado objetivamente sobre a coparticipa\u00e7\u00e3o e cobraram uma defini\u00e7\u00e3o sobre o compromisso, assumido em Mesa de Negocia\u00e7\u00e3o, para a retomada dos \u00edndices de coparticipa\u00e7\u00e3o aos patamares de 2018.<\/p>\n<p>Ap\u00f3s a cobran\u00e7a, a diretoria da Cassi se comprometeu em fazer um levantamento de dados sobre a coparticipa\u00e7\u00e3o, que ser\u00e1 apresentado na reuni\u00e3o do dia 25.<\/p>\n<h3><strong>Assist\u00eancia farmac\u00eautica<\/strong><\/h3>\n<p>As entidades tamb\u00e9m aguardam posicionamento sobre a revis\u00e3o da Limaca, j\u00e1 que muitas patologias severas e recorrentes foram exclu\u00eddas do programa e a lista de materiais e medicamentos abon\u00e1veis teve redu\u00e7\u00e3o da ordem de 70%.<\/p>\n<p>A decis\u00e3o de reduzir o fornecimento de medicamentos aconteceu no in\u00edcio de 2020, logo ap\u00f3s as negocia\u00e7\u00f5es com as entidades sobre a proposta de sustentabilidade.<\/p>\n<p>A Cassi se comprometeu a apresentar uma proposta de revis\u00e3o da Limaca at\u00e9 maio.<\/p>\n<p><strong>Fonte: Contraf-CUT<\/strong><\/p>\n","protected":false},"excerpt":{"rendered":"<p>A Confedera\u00e7\u00e3o Nacional dos Trabalhadores do Ramo Financeiro (Contraf-CUT) e demais entidades de representa\u00e7\u00e3o dos funcion\u00e1rios da ativa e aposentados do Banco do Brasil (AAFBB, ANABB e FAABB) se re\u00fanem no pr\u00f3ximo dia 25 de mar\u00e7o com a diretoria da Caixa de Assist\u00eancia dos Funcion\u00e1rios (Cassi) para debater sobre a redu\u00e7\u00e3o dos valores de coparticipa\u00e7\u00e3o [&hellip;]<\/p>\n","protected":false},"author":2,"featured_media":10647,"comment_status":"","ping_status":"","sticky":false,"template":"","format":"standard","meta":{"footnotes":""},"categories":[3],"tags":[],"class_list":["post-10648","post","type-post","status-publish","format-standard","has-post-thumbnail","hentry","category-noticias"],"_links":{"self":[{"href":"https:\/\/hostnetart.com.br\/baixada\/wp-json\/wp\/v2\/posts\/10648","targetHints":{"allow":["GET"]}}],"collection":[{"href":"https:\/\/hostnetart.com.br\/baixada\/wp-json\/wp\/v2\/posts"}],"about":[{"href":"https:\/\/hostnetart.com.br\/baixada\/wp-json\/wp\/v2\/types\/post"}],"author":[{"embeddable":true,"href":"https:\/\/hostnetart.com.br\/baixada\/wp-json\/wp\/v2\/users\/2"}],"replies":[{"embeddable":true,"href":"https:\/\/hostnetart.com.br\/baixada\/wp-json\/wp\/v2\/comments?post=10648"}],"version-history":[{"count":0,"href":"https:\/\/hostnetart.com.br\/baixada\/wp-json\/wp\/v2\/posts\/10648\/revisions"}],"wp:featuredmedia":[{"embeddable":true,"href":"https:\/\/hostnetart.com.br\/baixada\/wp-json\/wp\/v2\/media\/10647"}],"wp:attachment":[{"href":"https:\/\/hostnetart.com.br\/baixada\/wp-json\/wp\/v2\/media?parent=10648"}],"wp:term":[{"taxonomy":"category","embeddable":true,"href":"https:\/\/hostnetart.com.br\/baixada\/wp-json\/wp\/v2\/categories?post=10648"},{"taxonomy":"post_tag","embeddable":true,"href":"https:\/\/hostnetart.com.br\/baixada\/wp-json\/wp\/v2\/tags?post=10648"}],"curies":[{"name":"wp","href":"https:\/\/api.w.org\/{rel}","templated":true}]}}