{"id":10646,"date":"2021-03-19T14:58:30","date_gmt":"2021-03-19T17:58:30","guid":{"rendered":"https:\/\/hostnetart.com.br\/baixada\/trabalhadores-de-todo-o-mundo-se-unem-contra-praticas-antissindicais-da-amazon\/"},"modified":"2021-03-19T14:58:30","modified_gmt":"2021-03-19T17:58:30","slug":"trabalhadores-de-todo-o-mundo-se-unem-contra-praticas-antissindicais-da-amazon","status":"publish","type":"post","link":"https:\/\/hostnetart.com.br\/baixada\/trabalhadores-de-todo-o-mundo-se-unem-contra-praticas-antissindicais-da-amazon\/","title":{"rendered":"Trabalhadores de todo o mundo se unem contra pr\u00e1ticas antissindicais da Amazon"},"content":{"rendered":"<p>Os quase 6.000 trabalhadores do dep\u00f3sito Amazon em Bessemer, Alabama (EUA) lutam para formar o primeiro sindicato da empresa na Am\u00e9rica. A empresa, que tem 25 anos e cerca de 1,3 milh\u00e3o de funcion\u00e1rios em todo o mundo, n\u00e3o permite que seus empregados se sindicalizem.<\/p>\n<p>A campanha recebeu aten\u00e7\u00e3o mundial e sindicalistas do mundo inteiro est\u00e3o postando v\u00eddeos em apoio aos trabalhadores da unidade da Amazon no Alabama. Eles v\u00e3o realizar, no s\u00e1bado (20), um Dia Mundial da Solidariedade ao Sindicato da Amazon.<\/p>\n<p>\u201cO caso tem relev\u00e2ncia mundial devido \u00e0 import\u00e2ncia para os trabalhadores da Amazon em todo o mundo, mas tamb\u00e9m para o conjunto dos trabalhadores nos Estados Unidos, um pa\u00eds onde as pr\u00e1ticas antissindicais s\u00e3o comuns\u201d, explicou o secret\u00e1rio de Rela\u00e7\u00f5es Internacionais da Confedera\u00e7\u00e3o Nacional dos Trabalhadores do Ramo Financeiro (Contraf-CUT), Roberto von der Osten.<\/p>\n<h3>Problema mundial<\/h3>\n<p>\u201cPara al\u00e9m da Amazon e tamb\u00e9m dos Estados Unidos, o caso tem relev\u00e2ncia para todos os que defendem a democracia e o direito de organiza\u00e7\u00e3o e luta dos trabalhadores por seus direitos. Apesar de serem mais expostas nos Estados Unidos, as pr\u00e1ticas antissindicais ocorrem no mundo todo. A luta contra esta conduta das empresas \u00e9 uma luta dos trabalhadores em todo o mundo\u201d, ressaltou o dirigente da Contraf-CUT.<\/p>\n<p>Por fim, von der Osten conclama: \u201cTrabalhadores do mundo todo, uni-vos! Vamos juntos, no pr\u00f3ximo s\u00e1bado, promover um Dia Mundial da Solidariedade ao Sindicato da Amazon, para mostrar aos nossos colegas do Alabama e aos trabalhadores do mundo todo que juntos somos fortes e que a luta por justi\u00e7a tamb\u00e9m \u00e9 a nossa, de todos os trabalhadores do mundo\u201d, concluiu.<\/p>\n<p>De hoje at\u00e9 o dia 20, compartilhe sua solidariedade nas redes sociais com as hashtags #BamazonUnion e #UnionSim<\/p>\n<p>Para saber mais, acesse:\u00a0<a href=\"https:\/\/t.co\/1yvz2Y0XDm\" target=\"_blank\" rel=\"noopener noreferrer\">https:\/\/t.co\/1yvz2Y0XDm<\/a><\/p>\n<p><strong>Fonte: Contraf-CUT<\/strong><\/p>\n","protected":false},"excerpt":{"rendered":"<p>Os quase 6.000 trabalhadores do dep\u00f3sito Amazon em Bessemer, Alabama (EUA) lutam para formar o primeiro sindicato da empresa na Am\u00e9rica. A empresa, que tem 25 anos e cerca de 1,3 milh\u00e3o de funcion\u00e1rios em todo o mundo, n\u00e3o permite que seus empregados se sindicalizem. A campanha recebeu aten\u00e7\u00e3o mundial e sindicalistas do mundo inteiro [&hellip;]<\/p>\n","protected":false},"author":2,"featured_media":10645,"comment_status":"","ping_status":"","sticky":false,"template":"","format":"standard","meta":{"footnotes":""},"categories":[3],"tags":[],"class_list":["post-10646","post","type-post","status-publish","format-standard","has-post-thumbnail","hentry","category-noticias"],"_links":{"self":[{"href":"https:\/\/hostnetart.com.br\/baixada\/wp-json\/wp\/v2\/posts\/10646","targetHints":{"allow":["GET"]}}],"collection":[{"href":"https:\/\/hostnetart.com.br\/baixada\/wp-json\/wp\/v2\/posts"}],"about":[{"href":"https:\/\/hostnetart.com.br\/baixada\/wp-json\/wp\/v2\/types\/post"}],"author":[{"embeddable":true,"href":"https:\/\/hostnetart.com.br\/baixada\/wp-json\/wp\/v2\/users\/2"}],"replies":[{"embeddable":true,"href":"https:\/\/hostnetart.com.br\/baixada\/wp-json\/wp\/v2\/comments?post=10646"}],"version-history":[{"count":0,"href":"https:\/\/hostnetart.com.br\/baixada\/wp-json\/wp\/v2\/posts\/10646\/revisions"}],"wp:featuredmedia":[{"embeddable":true,"href":"https:\/\/hostnetart.com.br\/baixada\/wp-json\/wp\/v2\/media\/10645"}],"wp:attachment":[{"href":"https:\/\/hostnetart.com.br\/baixada\/wp-json\/wp\/v2\/media?parent=10646"}],"wp:term":[{"taxonomy":"category","embeddable":true,"href":"https:\/\/hostnetart.com.br\/baixada\/wp-json\/wp\/v2\/categories?post=10646"},{"taxonomy":"post_tag","embeddable":true,"href":"https:\/\/hostnetart.com.br\/baixada\/wp-json\/wp\/v2\/tags?post=10646"}],"curies":[{"name":"wp","href":"https:\/\/api.w.org\/{rel}","templated":true}]}}