{"id":10640,"date":"2021-03-18T12:22:48","date_gmt":"2021-03-18T15:22:48","guid":{"rendered":"https:\/\/hostnetart.com.br\/baixada\/acoes-em-todo-pais-cobram-auxilio-emergencial-de-r-600-para-viabilizar-isolamento\/"},"modified":"2021-03-18T12:22:48","modified_gmt":"2021-03-18T15:22:48","slug":"acoes-em-todo-pais-cobram-auxilio-emergencial-de-r-600-para-viabilizar-isolamento","status":"publish","type":"post","link":"https:\/\/hostnetart.com.br\/baixada\/acoes-em-todo-pais-cobram-auxilio-emergencial-de-r-600-para-viabilizar-isolamento\/","title":{"rendered":"A\u00e7\u00f5es em todo pa\u00eds cobram aux\u00edlio emergencial de R$ 600 para viabilizar isolamento"},"content":{"rendered":"<p>O movimento \u2018Renda B\u00e1sica Que Queremos\u2019, formado por cerca de 300 entidades e respons\u00e1vel pela campanha #Aux\u00edlioAt\u00e9oFimdaPandemia, promove nesta quinta-feira (18) um dia nacional de luta pela volta do aux\u00edlio emergencial de R$ 600 at\u00e9 o fim da pandemia. Est\u00e3o previstas manifesta\u00e7\u00f5es em todo o pa\u00eds, como tuita\u00e7o e publica\u00e7\u00f5es nas redes sociais, colagem de cartazes, proje\u00e7\u00f5es em pr\u00e9dios e atos simb\u00f3licos. Entre as a\u00e7\u00f5es, ser\u00e3o instaladas panelas vazias e velas diante de espa\u00e7os como sedes de prefeituras, c\u00e2maras de vereadores, igrejas e s\u00edmbolos tur\u00edsticos das cidades.<\/p>\n<p>De acordo com a assistente social Paola Carvalho, diretora de rela\u00e7\u00f5es institucionais da Rede Brasileira de Renda B\u00e1sica, o dia de protestos \u00e9 uma forma de mobilizar as pessoas para a urg\u00eancia do tema. \u201cEssa\u00a0<a href=\"https:\/\/www.redebrasilatual.com.br\/economia\/2021\/03\/pec-emergencial-mais-17-milhoes-ficarao-sem-auxilio\/\" target=\"_blank\" rel=\"noopener noreferrer\">PEC Emergencial<\/a>\u00a0colocou um teto de gasto de 44 bilh\u00f5es para o aux\u00edlio emergencial em 2021. Isso num momento onde as mortes est\u00e3o cada vez maiores e a vacina\u00e7\u00e3o e condi\u00e7\u00f5es de hospitaliza\u00e7\u00e3o cada vez mais fr\u00e1geis\u201d. Os movimentos alertam que as principais regi\u00f5es do pa\u00eds precisam de um\u00a0<em>lockdown<\/em>, e sem aux\u00edlio emergencial essa forma de isolamento social n\u00e3o se viabiliza.<\/p>\n<p>Paola explica que com o teto definido pela PEC \u2013 agora transformada em Emenda Constitucional (EC 109) \u2013, um em cada quatro benefici\u00e1rios ficar\u00e3o de fora do aux\u00edlio emergencial deste ano. \u201cEstamos falando de algo em torno de 17 milh\u00f5es de brasileiros\u201d. Ela contesta ainda o valor previsto das parcelas, que seria de R$ 250. O aux\u00edlio pode chegar a R$ 375 para m\u00e3es solteiras e R$ 175 para uma pessoa sozinha.<\/p>\n<h3><strong>\u201cAs pessoas me agradecem\u201d<\/strong><\/h3>\n<p>O ministro Paulo Guedes chegou a dizer, em uma entrevista ao portal de not\u00edcias jur\u00eddicas\u00a0<a href=\"https:\/\/www.jota.info\/casa-jota\/entrevista-ministro-paulo-guedes-11032021\" target=\"_blank\" rel=\"noopener noreferrer\">Jota<\/a>, que \u00e9 abordado e elogiado ao transitar pelas ruas. \u201cEntro no mercado e as pessoas me agradecem\u201d. Paola foi at\u00e9 um mercado para saber se h\u00e1 motivos para isso. Com R$ 250 no bolso, valor previsto do novo aux\u00edlio, ela tentou ver se \u00e9 poss\u00edvel, ao menos, o b\u00e1sico. Comprou duas caixas de leite, cinco quilos de arroz. Dois p\u00e3es para sandu\u00edche, dois quilos de caf\u00e9, duas garrafas de \u00f3leo, tr\u00eas quilos de feij\u00e3o, de farinha e a\u00e7\u00facar. Comprou ainda um pote de margarina e dois quilos de carne mo\u00edda. \u201cLegumes, verduras e frutas ficaram de fora da lista. Para cozinhar, \u00e9 necess\u00e1rio g\u00e1s e um botij\u00e3o n\u00e3o custa menos de R$ 90\u2033.<\/p>\n<p>Para Douglas Belchior, professor da Uneafro Brasil e membro da Coaliz\u00e3o Negra por Direitos, vivemos num estado de guerra, de barb\u00e1rie onde pessoas morrem de fome. \u201cA maioria do Congresso e o governo federal prefere manter pol\u00edticas de morte e n\u00e3o de vida. Ou damos um fim no governo Bolsonaro ou ele dar\u00e1 fim ao Brasil\u201d, analisa e conclui: \u201c\u00c9 desolador ver governos que n\u00e3o se importam com a vida dos mais pobres e n\u00e3o possuem pol\u00edticas de combate \u00e0 doen\u00e7a\u201d.<\/p>\n<h3>Sem aux\u00edlio emergencial, \u201ca coisa t\u00e1 dif\u00edcil\u201d<\/h3>\n<p>Enquanto isso, fam\u00edlias aguardam, em desespero, por ajuda. N\u00e3o s\u00e3o poucas as mensagens recebidas por Paola e equipe. \u201cA coisa t\u00e1 dif\u00edcil com os R$ 179 do bolsa fam\u00edlia\u201d, diz uma das mensagens ao pedir ajuda.<\/p>\n<p>Segundo\u00a0<a href=\"https:\/\/www.redebrasilatual.com.br\/politica\/2020\/12\/auxilio-emergencial-25-milhoes-datafolha\/\" target=\"_blank\" rel=\"noopener noreferrer\">pesquisa do Datafolha<\/a>, 53% dos que receberam as parcelas do aux\u00edlio emergencial no ano passado utilizou o valor para comprar alimentos. 25% pagou contas de consumo, como \u00e1gua e luz. 16% despesas da casa e 1% utilizou o recurso para comprar rem\u00e9dios.<\/p>\n<p><strong>Fonte: Rede Brasil Atual<\/strong><\/p>\n","protected":false},"excerpt":{"rendered":"<p>O movimento \u2018Renda B\u00e1sica Que Queremos\u2019, formado por cerca de 300 entidades e respons\u00e1vel pela campanha #Aux\u00edlioAt\u00e9oFimdaPandemia, promove nesta quinta-feira (18) um dia nacional de luta pela volta do aux\u00edlio emergencial de R$ 600 at\u00e9 o fim da pandemia. Est\u00e3o previstas manifesta\u00e7\u00f5es em todo o pa\u00eds, como tuita\u00e7o e publica\u00e7\u00f5es nas redes sociais, colagem de [&hellip;]<\/p>\n","protected":false},"author":2,"featured_media":10639,"comment_status":"","ping_status":"","sticky":false,"template":"","format":"standard","meta":{"footnotes":""},"categories":[3],"tags":[],"class_list":["post-10640","post","type-post","status-publish","format-standard","has-post-thumbnail","hentry","category-noticias"],"_links":{"self":[{"href":"https:\/\/hostnetart.com.br\/baixada\/wp-json\/wp\/v2\/posts\/10640","targetHints":{"allow":["GET"]}}],"collection":[{"href":"https:\/\/hostnetart.com.br\/baixada\/wp-json\/wp\/v2\/posts"}],"about":[{"href":"https:\/\/hostnetart.com.br\/baixada\/wp-json\/wp\/v2\/types\/post"}],"author":[{"embeddable":true,"href":"https:\/\/hostnetart.com.br\/baixada\/wp-json\/wp\/v2\/users\/2"}],"replies":[{"embeddable":true,"href":"https:\/\/hostnetart.com.br\/baixada\/wp-json\/wp\/v2\/comments?post=10640"}],"version-history":[{"count":0,"href":"https:\/\/hostnetart.com.br\/baixada\/wp-json\/wp\/v2\/posts\/10640\/revisions"}],"wp:featuredmedia":[{"embeddable":true,"href":"https:\/\/hostnetart.com.br\/baixada\/wp-json\/wp\/v2\/media\/10639"}],"wp:attachment":[{"href":"https:\/\/hostnetart.com.br\/baixada\/wp-json\/wp\/v2\/media?parent=10640"}],"wp:term":[{"taxonomy":"category","embeddable":true,"href":"https:\/\/hostnetart.com.br\/baixada\/wp-json\/wp\/v2\/categories?post=10640"},{"taxonomy":"post_tag","embeddable":true,"href":"https:\/\/hostnetart.com.br\/baixada\/wp-json\/wp\/v2\/tags?post=10640"}],"curies":[{"name":"wp","href":"https:\/\/api.w.org\/{rel}","templated":true}]}}