{"id":10636,"date":"2021-03-18T12:20:10","date_gmt":"2021-03-18T15:20:10","guid":{"rendered":"https:\/\/hostnetart.com.br\/baixada\/distribuicao-de-absorvente-tem-de-ser-politica-publica\/"},"modified":"2021-03-18T12:20:10","modified_gmt":"2021-03-18T15:20:10","slug":"distribuicao-de-absorvente-tem-de-ser-politica-publica","status":"publish","type":"post","link":"https:\/\/hostnetart.com.br\/baixada\/distribuicao-de-absorvente-tem-de-ser-politica-publica\/","title":{"rendered":"Distribui\u00e7\u00e3o de absorvente tem de ser pol\u00edtica p\u00fablica"},"content":{"rendered":"<p>Um quarto das jovens brasileiras n\u00e3o tem acesso a absorventes e muitas chegam a faltar \u00e0s aulas todos os meses. \u00c9 a chamada \u201cpobreza menstrual\u201d, mais um indicador de que as mulheres s\u00e3o as maiores v\u00edtimas da conjun\u00e7\u00e3o de crises que abala o Brasil. Os dados da falta de absorvente para as mulheres est\u00e3o no relat\u00f3rio Livre para Menstruar, produzido pelo movimento Girl Up, divulgado nesta quarta-feira (17) pela Folha de S. Paulo (leia clicando\u00a0<a href=\"https:\/\/www1.folha.uol.com.br\/empreendedorsocial\/2021\/03\/uma-em-cada-quatro-adolescentes-brasileiras-nao-tem-acesso-a-absorventes.shtml\">aqui<\/a>).<\/p>\n<p>A mis\u00e9ria que provoca a falta de absorventes para as jovens faz com que uma em cada dez adolescentes em todo o mundo se ausente da escola durante a menstrua\u00e7\u00e3o. Para Elaine Cutis, o absorvente tem se constar na cesta b\u00e1sica da fam\u00edlia. \u201c\u00c9 uma quest\u00e3o de dignidade da mulher e de sa\u00fade p\u00fablica. A distribui\u00e7\u00e3o de absorventes e produtos de higiene para mulheres em situa\u00e7\u00e3o de vulnerabilidade tem de ser quest\u00e3o de pol\u00edtica p\u00fablica. Existem projetos sobre isso que tramitam no congresso\u201d, informou a secret\u00e1ria da Mulher da Confedera\u00e7\u00e3o Nacional dos Trabalhadores do Ramo Financeiro (Contraf-CUT), Elaine Cutis.<\/p>\n<p>Para Elaine, a falta de absorventes \u00e9 mais um ind\u00edcio da mis\u00e9ria que abala a maior parte da popula\u00e7\u00e3o brasileira. \u201cDefendemos o \u2018Fora Bolsonaro\u2019 em nossa campanha neste m\u00eas de mar\u00e7o pelo fato de que o desgoverno do atual presidente piorou, e muito, a vida das mulheres. Atualmente, de acordo com dados do IBGE, 48% das mulheres s\u00e3o chefes de fam\u00edlia no pa\u00eds. Esse percentual \u00e9 ainda maior nas periferias\u201d, destacou a secret\u00e1ria da Mulher da Contraf-CUT.<\/p>\n<p><strong>Fonte: Contraf-CUT<\/strong><\/p>\n","protected":false},"excerpt":{"rendered":"<p>Um quarto das jovens brasileiras n\u00e3o tem acesso a absorventes e muitas chegam a faltar \u00e0s aulas todos os meses. \u00c9 a chamada \u201cpobreza menstrual\u201d, mais um indicador de que as mulheres s\u00e3o as maiores v\u00edtimas da conjun\u00e7\u00e3o de crises que abala o Brasil. Os dados da falta de absorvente para as mulheres est\u00e3o no [&hellip;]<\/p>\n","protected":false},"author":2,"featured_media":10635,"comment_status":"","ping_status":"","sticky":false,"template":"","format":"standard","meta":{"footnotes":""},"categories":[3],"tags":[],"class_list":["post-10636","post","type-post","status-publish","format-standard","has-post-thumbnail","hentry","category-noticias"],"_links":{"self":[{"href":"https:\/\/hostnetart.com.br\/baixada\/wp-json\/wp\/v2\/posts\/10636","targetHints":{"allow":["GET"]}}],"collection":[{"href":"https:\/\/hostnetart.com.br\/baixada\/wp-json\/wp\/v2\/posts"}],"about":[{"href":"https:\/\/hostnetart.com.br\/baixada\/wp-json\/wp\/v2\/types\/post"}],"author":[{"embeddable":true,"href":"https:\/\/hostnetart.com.br\/baixada\/wp-json\/wp\/v2\/users\/2"}],"replies":[{"embeddable":true,"href":"https:\/\/hostnetart.com.br\/baixada\/wp-json\/wp\/v2\/comments?post=10636"}],"version-history":[{"count":0,"href":"https:\/\/hostnetart.com.br\/baixada\/wp-json\/wp\/v2\/posts\/10636\/revisions"}],"wp:featuredmedia":[{"embeddable":true,"href":"https:\/\/hostnetart.com.br\/baixada\/wp-json\/wp\/v2\/media\/10635"}],"wp:attachment":[{"href":"https:\/\/hostnetart.com.br\/baixada\/wp-json\/wp\/v2\/media?parent=10636"}],"wp:term":[{"taxonomy":"category","embeddable":true,"href":"https:\/\/hostnetart.com.br\/baixada\/wp-json\/wp\/v2\/categories?post=10636"},{"taxonomy":"post_tag","embeddable":true,"href":"https:\/\/hostnetart.com.br\/baixada\/wp-json\/wp\/v2\/tags?post=10636"}],"curies":[{"name":"wp","href":"https:\/\/api.w.org\/{rel}","templated":true}]}}