{"id":10634,"date":"2021-03-17T18:59:33","date_gmt":"2021-03-17T21:59:33","guid":{"rendered":"https:\/\/hostnetart.com.br\/baixada\/cee-caixa-faz-nova-cobranca-sobre-pagamento-da-2-parcela-da-plr\/"},"modified":"2021-03-17T18:59:33","modified_gmt":"2021-03-17T21:59:33","slug":"cee-caixa-faz-nova-cobranca-sobre-pagamento-da-2-parcela-da-plr","status":"publish","type":"post","link":"https:\/\/hostnetart.com.br\/baixada\/cee-caixa-faz-nova-cobranca-sobre-pagamento-da-2-parcela-da-plr\/","title":{"rendered":"CEE\/Caixa faz nova cobran\u00e7a sobre pagamento da 2\u00aa parcela da PLR"},"content":{"rendered":"<p>O pagamento da 2\u00aa parcela da Participa\u00e7\u00e3o nos Lucros ou Resultados (PLR) dos empregados da Caixa foi mais uma vez foco do of\u00edcio da Confedera\u00e7\u00e3o Nacional dos Trabalhadores do Ramo Financeiro (Contraf-CUT), assessorada pela Comiss\u00e3o Executiva dos Empregados da Caixa (CEE\/ Caixa). No documento, os empregados destacam que a divulga\u00e7\u00e3o do balan\u00e7o do 4\u00ba trimestre de 2020 da Caixa acontecer\u00e1 na pr\u00f3xima quinta-feira (18) e os trabalhadores ainda n\u00e3o tiveram uma posi\u00e7\u00e3o sobre quando acontecer\u00e1 o pagamento desta conquista dos trabalhadores.<\/p>\n<p>De acordo com o of\u00edcio enviado ao banco, o pagamento da PLR \u00e9 uma forma de reconhecimento do esfor\u00e7o redobrado dos trabalhadores com o pagamento do aux\u00edlio emergencial e outros benef\u00edcios. Mais da metade da popula\u00e7\u00e3o brasileira, cerca de 100 milh\u00f5es de pessoas, passaram pela Caixa em busca dos aux\u00edlios.<\/p>\n<p>\u201c\u00c9 um reconhecimento importante aos colegas. Mas n\u00e3o \u00e9 o suficiente. Os empregados precisam ser valorizados pelo trabalho essencial que fazem. N\u00f3s, do movimento sindical e entidades representativas, sempre reivindicamos a amplia\u00e7\u00e3o no n\u00famero de empregados, melhores condi\u00e7\u00f5es de trabalho e de atendimento \u00e0 popula\u00e7\u00e3o\u201d, defendeu a coordenadora da CEE\/Caixa, Fabiana Uehara Proscholdt.<\/p>\n<p>Com a volta do pagamento do aux\u00edlio emergencial, Fabiana destaca a urg\u00eancia na vacina\u00e7\u00e3o dos empregados da Caixa, e de toda a popula\u00e7\u00e3o.<\/p>\n<h3>Pedido de antecipa\u00e7\u00e3o<\/h3>\n<p>No final de fevereiro, a CEE enviou of\u00edcio \u00e0 Caixa pedindo a antecipa\u00e7\u00e3o do pagamento da PLR. A Caixa informou que o pagamento ser\u00e1 at\u00e9 31 de mar\u00e7o, sem mais defini\u00e7\u00f5es. Conforme o Acordo Coletivo de Trabalho (ACT), o banco p\u00fablico tem at\u00e9 31 de mar\u00e7o para efetuar o pagamento.<\/p>\n<p><strong>Fonte: Contraf-CUT<\/strong><\/p>\n","protected":false},"excerpt":{"rendered":"<p>O pagamento da 2\u00aa parcela da Participa\u00e7\u00e3o nos Lucros ou Resultados (PLR) dos empregados da Caixa foi mais uma vez foco do of\u00edcio da Confedera\u00e7\u00e3o Nacional dos Trabalhadores do Ramo Financeiro (Contraf-CUT), assessorada pela Comiss\u00e3o Executiva dos Empregados da Caixa (CEE\/ Caixa). No documento, os empregados destacam que a divulga\u00e7\u00e3o do balan\u00e7o do 4\u00ba trimestre [&hellip;]<\/p>\n","protected":false},"author":2,"featured_media":10633,"comment_status":"","ping_status":"","sticky":false,"template":"","format":"standard","meta":{"footnotes":""},"categories":[3],"tags":[],"class_list":["post-10634","post","type-post","status-publish","format-standard","has-post-thumbnail","hentry","category-noticias"],"_links":{"self":[{"href":"https:\/\/hostnetart.com.br\/baixada\/wp-json\/wp\/v2\/posts\/10634","targetHints":{"allow":["GET"]}}],"collection":[{"href":"https:\/\/hostnetart.com.br\/baixada\/wp-json\/wp\/v2\/posts"}],"about":[{"href":"https:\/\/hostnetart.com.br\/baixada\/wp-json\/wp\/v2\/types\/post"}],"author":[{"embeddable":true,"href":"https:\/\/hostnetart.com.br\/baixada\/wp-json\/wp\/v2\/users\/2"}],"replies":[{"embeddable":true,"href":"https:\/\/hostnetart.com.br\/baixada\/wp-json\/wp\/v2\/comments?post=10634"}],"version-history":[{"count":0,"href":"https:\/\/hostnetart.com.br\/baixada\/wp-json\/wp\/v2\/posts\/10634\/revisions"}],"wp:featuredmedia":[{"embeddable":true,"href":"https:\/\/hostnetart.com.br\/baixada\/wp-json\/wp\/v2\/media\/10633"}],"wp:attachment":[{"href":"https:\/\/hostnetart.com.br\/baixada\/wp-json\/wp\/v2\/media?parent=10634"}],"wp:term":[{"taxonomy":"category","embeddable":true,"href":"https:\/\/hostnetart.com.br\/baixada\/wp-json\/wp\/v2\/categories?post=10634"},{"taxonomy":"post_tag","embeddable":true,"href":"https:\/\/hostnetart.com.br\/baixada\/wp-json\/wp\/v2\/tags?post=10634"}],"curies":[{"name":"wp","href":"https:\/\/api.w.org\/{rel}","templated":true}]}}