{"id":10632,"date":"2021-03-17T18:58:29","date_gmt":"2021-03-17T21:58:29","guid":{"rendered":"https:\/\/hostnetart.com.br\/baixada\/depois-de-cobranca-das-entidades-caixa-anuncia-contratacoes-mas-numero-nao-supre-deficit\/"},"modified":"2021-03-17T18:58:29","modified_gmt":"2021-03-17T21:58:29","slug":"depois-de-cobranca-das-entidades-caixa-anuncia-contratacoes-mas-numero-nao-supre-deficit","status":"publish","type":"post","link":"https:\/\/hostnetart.com.br\/baixada\/depois-de-cobranca-das-entidades-caixa-anuncia-contratacoes-mas-numero-nao-supre-deficit\/","title":{"rendered":"Depois de cobran\u00e7a das entidades, Caixa anuncia contrata\u00e7\u00f5es, mas n\u00famero n\u00e3o supre d\u00e9ficit"},"content":{"rendered":"<p>Depois de muita press\u00e3o e cobran\u00e7a dos empregados e das entidades sindicais e associativas, a Caixa anunciou a contrata\u00e7\u00e3o de 7,7 mil trabalhadores para o banco. Destes, segundo o an\u00fancio do presidente da Caixa, Pedro Guimar\u00e3es, ser\u00e3o 2.766 empregados \u2013 j\u00e1 inclu\u00eddas as 566 contrata\u00e7\u00f5es em andamento, 1.162 estagi\u00e1rios, 2.320 vigilantes e 1.456 recepcionistas. Ou seja, at\u00e9 o final do ano existe compromisso da Caixa de contratar 2.113 novos trabalhadores.<\/p>\n<p>O presidente da Federa\u00e7\u00e3o Nacional das Associa\u00e7\u00f5es do Pessoal da Caixa Econ\u00f4mica Federal (Fenae), Sergio Takemoto, destaca que as contrata\u00e7\u00f5es s\u00e3o resultado de muita mobiliza\u00e7\u00e3o e cobran\u00e7a dos empregados e das entidades em defesa da categoria. No entanto, refor\u00e7a que o n\u00famero anunciado n\u00e3o supre o d\u00e9ficit de empregados, que chega a quase 20 mil trabalhadores. \u201c\u00c9 uma conquista, mas o n\u00famero de contrata\u00e7\u00f5es n\u00e3o \u00e9 suficiente. Desde 2016 a Caixa vem diminuindo o quadro de empregados. Ao mesmo tempo aumentou o n\u00famero de clientes, de opera\u00e7\u00f5es e vai aumentar o n\u00famero de ag\u00eancias. A chegada de novos trabalhadores \u00e9 urgente, j\u00e1 que os empregados est\u00e3o sobrecarregados pelo excesso de trabalho durante o pagamento do aux\u00edlio emergencial. Para continuar prestando um bom servi\u00e7o \u00e0 popula\u00e7\u00e3o, \u00e9 preciso contratar muito mais. E tem uma fila de concursados aguardando convoca\u00e7\u00e3o\u201d, avaliou.<\/p>\n<p>A Caixa chegou a ter 101,5 mil trabalhadores em 2014. Atualmente, conta com cerca de 82 mil empregados, mas o quadro de pessoas deve ser ainda menor. Em dezembro de 2020 o banco anunciou a reabertura do Programa de Desligamento Volunt\u00e1rio (PDV), mas n\u00e3o divulgou o n\u00famero de ades\u00f5es. Diante da redu\u00e7\u00e3o de quase 20 mil empregados, as 2.766 contrata\u00e7\u00f5es anunciadas n\u00e3o representam 15% do d\u00e9ficit.<\/p>\n<p>A coordenadora da Comiss\u00e3o Executiva de Empregados da Caixa (CEE\/Caixa) e secret\u00e1ria da Cultura da Confedera\u00e7\u00e3o Nacional dos Trabalhadores do Ramo Financeiro (Contraf-CUT), Fabiana Uehara Proscholdt, refor\u00e7a que a reivindica\u00e7\u00e3o de mais contrata\u00e7\u00f5es \u00e9 item referendado nos CONECEFs e pautado nas Campanhas Nacionais. \u201cVemos o esgotamento di\u00e1rios dos colegas, especialmente os que trabalham nas ag\u00eancias. N\u00e3o existe m\u00e1gica a ser feita. Para melhorar as condi\u00e7\u00f5es de trabalho na empresa, e a rede atender melhor a popula\u00e7\u00e3o, a solu\u00e7\u00e3o \u00e9 termos mais empregados\u201d, disse. \u201cClaro que o an\u00fancio \u00e9 um avan\u00e7o e lembramos que essa pauta \u00e9 colocada em todas as mesas de negocia\u00e7\u00f5es permanente. Mas apesar de atender nosso pleito, essas contrata\u00e7\u00f5es ainda s\u00e3o insuficientes. Mas dado o an\u00fancio da Caixa, vamos cobrar a efetiva\u00e7\u00e3o da contrata\u00e7\u00e3o desses outros 2113 trabalhadores\u201d, afirma.<\/p>\n<p>Leonardo Quadros, presidente da Apcef\/SP, lembra que o assunto foi pautado na mesa de negocia\u00e7\u00e3o realizada nesta ter\u00e7a-feira (16) \u201cAs contrata\u00e7\u00f5es anunciadas s\u00e3o importantes e precisam ser distribu\u00eddas entre todas as regi\u00f5es do pa\u00eds, mas n\u00e3o resolvem o problema, pois n\u00e3o representam o acr\u00e9scimo nem de um novo empregado por unidade\u201d, enfatizou.<\/p>\n<p>Segundo Leonardo Quadros, o refor\u00e7o de vigilantes e recepcionistas tamb\u00e9m foi cobrado pelos representantes dos empregados. Ser\u00e1 extremamente necess\u00e1rio para melhorar as condi\u00e7\u00f5es de trabalho das unidades para o novo ciclo de pagamento do aux\u00edlio emergencial. A prioridade deve ser preservar a sa\u00fade de empregados, prestadores e clientes\u201d, ressaltou o presidente da Apcef\/SP.<\/p>\n<h3>Reportagem confirma esgotamento dos empregados<\/h3>\n<p>Reportagem do jornal RJTV divulgou pesquisa que confirma a sobrecarga de trabalho dos empregados da Caixa durante o pagamento do aux\u00edlio emergencial. \u201cSe era dif\u00edcil para quem ficava horas esperando [nas filas], l\u00e1 dentro os funcion\u00e1rios tamb\u00e9m sentiram, e muito, os efeitos da carga extra de trabalho\u201d, informou a reportagem que tamb\u00e9m destacou a falta de contrata\u00e7\u00f5es pelo banco. Al\u00e9m disso, as cobran\u00e7as por metas e resultados continuaram, mesmo diante do trabalho extenuante durante a pandemia.<\/p>\n<p>Na pesquisa feita com gestores, quase 98% dos profissionais consultados que declararam problemas de sa\u00fade mental, atribu\u00edram o adoecimento ao trabalho na Caixa.\u00a0 \u201cNos \u00faltimos cinco anos a gente teve uma baixa de quase 20 mil vagas. Foram sucessivos planos de demiss\u00e3o volunt\u00e1ria que a empresa n\u00e3o fez reposi\u00e7\u00e3o. J\u00e1 fomos mais de 100 mil empregados e agora somos pouco mais de 80 mil\u201d, disse \u00e0 reportagem o presidente da Associa\u00e7\u00e3o de Gestores da Caixa no Rio de Janeiro e integrante da CEE\/Caixa, Rog\u00e9rio Campanate.<\/p>\n<p><strong>Fonte: Contraf-CUT<\/strong><\/p>\n","protected":false},"excerpt":{"rendered":"<p>Depois de muita press\u00e3o e cobran\u00e7a dos empregados e das entidades sindicais e associativas, a Caixa anunciou a contrata\u00e7\u00e3o de 7,7 mil trabalhadores para o banco. Destes, segundo o an\u00fancio do presidente da Caixa, Pedro Guimar\u00e3es, ser\u00e3o 2.766 empregados \u2013 j\u00e1 inclu\u00eddas as 566 contrata\u00e7\u00f5es em andamento, 1.162 estagi\u00e1rios, 2.320 vigilantes e 1.456 recepcionistas. Ou [&hellip;]<\/p>\n","protected":false},"author":2,"featured_media":10631,"comment_status":"","ping_status":"","sticky":false,"template":"","format":"standard","meta":{"footnotes":""},"categories":[3],"tags":[],"class_list":["post-10632","post","type-post","status-publish","format-standard","has-post-thumbnail","hentry","category-noticias"],"_links":{"self":[{"href":"https:\/\/hostnetart.com.br\/baixada\/wp-json\/wp\/v2\/posts\/10632","targetHints":{"allow":["GET"]}}],"collection":[{"href":"https:\/\/hostnetart.com.br\/baixada\/wp-json\/wp\/v2\/posts"}],"about":[{"href":"https:\/\/hostnetart.com.br\/baixada\/wp-json\/wp\/v2\/types\/post"}],"author":[{"embeddable":true,"href":"https:\/\/hostnetart.com.br\/baixada\/wp-json\/wp\/v2\/users\/2"}],"replies":[{"embeddable":true,"href":"https:\/\/hostnetart.com.br\/baixada\/wp-json\/wp\/v2\/comments?post=10632"}],"version-history":[{"count":0,"href":"https:\/\/hostnetart.com.br\/baixada\/wp-json\/wp\/v2\/posts\/10632\/revisions"}],"wp:featuredmedia":[{"embeddable":true,"href":"https:\/\/hostnetart.com.br\/baixada\/wp-json\/wp\/v2\/media\/10631"}],"wp:attachment":[{"href":"https:\/\/hostnetart.com.br\/baixada\/wp-json\/wp\/v2\/media?parent=10632"}],"wp:term":[{"taxonomy":"category","embeddable":true,"href":"https:\/\/hostnetart.com.br\/baixada\/wp-json\/wp\/v2\/categories?post=10632"},{"taxonomy":"post_tag","embeddable":true,"href":"https:\/\/hostnetart.com.br\/baixada\/wp-json\/wp\/v2\/tags?post=10632"}],"curies":[{"name":"wp","href":"https:\/\/api.w.org\/{rel}","templated":true}]}}