{"id":10628,"date":"2021-03-17T14:57:59","date_gmt":"2021-03-17T17:57:59","guid":{"rendered":"https:\/\/hostnetart.com.br\/baixada\/contraf-cut-debate-a-pandemia-do-coronavirus-no-brasil\/"},"modified":"2021-03-17T14:57:59","modified_gmt":"2021-03-17T17:57:59","slug":"contraf-cut-debate-a-pandemia-do-coronavirus-no-brasil","status":"publish","type":"post","link":"https:\/\/hostnetart.com.br\/baixada\/contraf-cut-debate-a-pandemia-do-coronavirus-no-brasil\/","title":{"rendered":"Contraf-CUT debate a pandemia do coronav\u00edrus no Brasil"},"content":{"rendered":"<div class=\"elementor-element elementor-element-194680ec elementor-widget elementor-widget-theme-post-content\" data-id=\"194680ec\" data-element_type=\"widget\" data-widget_type=\"theme-post-content.default\">\n<div class=\"elementor-widget-container\">\n<p>A Confedera\u00e7\u00e3o Nacional dos Trabalhadores do Ramo Financeiro (Contraf-CUT) realiza na pr\u00f3xima ter\u00e7a-feira (23) um debate sobre a situa\u00e7\u00e3o e as perspectivas da Pandemia do coronav\u00edrus (Covid-19) no Brasil.<\/p>\n<p>O que \u00e9 e devemos fazer lockdown? Qual a import\u00e2ncia das medidas protetivas? Como est\u00e1 a situa\u00e7\u00e3o dos servi\u00e7os de sa\u00fade? Vacina \u00e9 importante? Como est\u00e1 a vacina\u00e7\u00e3o? O Plano Nacional de Imuniza\u00e7\u00e3o (PNI) est\u00e1 sendo bem feito? Como ele deveria ter sido constru\u00eddo para que n\u00e3o estiv\u00e9ssemos nesta situa\u00e7\u00e3o? Como devem serem tratados os setores e trabalhos essenciais em rela\u00e7\u00e3o \u00e0 vacina\u00e7\u00e3o? Essas s\u00e3o algumas das perguntas que ser\u00e3o respondidas durante a transmiss\u00e3o ao vivo, que ser\u00e1 realizada nos perfis do\u00a0<a href=\"https:\/\/www.facebook.com\/contrafcut\" target=\"_blank\" rel=\"noopener noreferrer\">Facebook<\/a>\u00a0e do<a href=\"https:\/\/www.youtube.com\/channel\/UCQoiO9j_0_0aB1N24E7do0A\" target=\"_blank\" rel=\"noopener noreferrer\">\u00a0Youtube<\/a>\u00a0da Contraf-CUT, a partir das 18h, pelo ex-ministro da Sa\u00fade, Arthur Chioro.<\/p>\n<p>O programa vai contar tamb\u00e9m com a participa\u00e7\u00e3o de Mauro Salles (RS), secret\u00e1rio de Sa\u00fade da Contraf-CUT; Ros\u00e2ngela Lorenzetti, dirigente do Sindicato dos Banc\u00e1rios de Araraquara e da Fetec\/SP; Wellington Oliveira, dirigente do Sindidicato dos Banc\u00e1rios de Pernambuco e da Fetec NE; e Tatiana Oliveira, presidenta do Sindicato dos Banc\u00e1rios do Par\u00e1. Eles v\u00e3o passar relatos da situa\u00e7\u00e3o de suas regi\u00f5es.<\/p>\n<p>Voc\u00ea tem d\u00favidas sobre o assunto? Mande suas perguntas para os convidados pelo\u00a0<a href=\"https:\/\/www.instagram.com\/contraf_cut\/?hl=pt-br\" target=\"_blank\" rel=\"noopener noreferrer\">Instagram da Contraf-CUT\u00a0<\/a>ou pelo e-mail\u00a0imprensa@contrafcut.org.br.<\/p>\n<\/div>\n<\/div>\n<div class=\"elementor-element elementor-element-76b46e1 elementor-widget elementor-widget-post-info\" data-id=\"76b46e1\" data-element_type=\"widget\" data-widget_type=\"post-info.default\"><strong>\u00a0Fonte: Contraf-CUT<\/strong><\/div>\n","protected":false},"excerpt":{"rendered":"<p>A Confedera\u00e7\u00e3o Nacional dos Trabalhadores do Ramo Financeiro (Contraf-CUT) realiza na pr\u00f3xima ter\u00e7a-feira (23) um debate sobre a situa\u00e7\u00e3o e as perspectivas da Pandemia do coronav\u00edrus (Covid-19) no Brasil. O que \u00e9 e devemos fazer lockdown? Qual a import\u00e2ncia das medidas protetivas? Como est\u00e1 a situa\u00e7\u00e3o dos servi\u00e7os de sa\u00fade? Vacina \u00e9 importante? Como est\u00e1 [&hellip;]<\/p>\n","protected":false},"author":2,"featured_media":10627,"comment_status":"","ping_status":"","sticky":false,"template":"","format":"standard","meta":{"footnotes":""},"categories":[3],"tags":[],"class_list":["post-10628","post","type-post","status-publish","format-standard","has-post-thumbnail","hentry","category-noticias"],"_links":{"self":[{"href":"https:\/\/hostnetart.com.br\/baixada\/wp-json\/wp\/v2\/posts\/10628","targetHints":{"allow":["GET"]}}],"collection":[{"href":"https:\/\/hostnetart.com.br\/baixada\/wp-json\/wp\/v2\/posts"}],"about":[{"href":"https:\/\/hostnetart.com.br\/baixada\/wp-json\/wp\/v2\/types\/post"}],"author":[{"embeddable":true,"href":"https:\/\/hostnetart.com.br\/baixada\/wp-json\/wp\/v2\/users\/2"}],"replies":[{"embeddable":true,"href":"https:\/\/hostnetart.com.br\/baixada\/wp-json\/wp\/v2\/comments?post=10628"}],"version-history":[{"count":0,"href":"https:\/\/hostnetart.com.br\/baixada\/wp-json\/wp\/v2\/posts\/10628\/revisions"}],"wp:featuredmedia":[{"embeddable":true,"href":"https:\/\/hostnetart.com.br\/baixada\/wp-json\/wp\/v2\/media\/10627"}],"wp:attachment":[{"href":"https:\/\/hostnetart.com.br\/baixada\/wp-json\/wp\/v2\/media?parent=10628"}],"wp:term":[{"taxonomy":"category","embeddable":true,"href":"https:\/\/hostnetart.com.br\/baixada\/wp-json\/wp\/v2\/categories?post=10628"},{"taxonomy":"post_tag","embeddable":true,"href":"https:\/\/hostnetart.com.br\/baixada\/wp-json\/wp\/v2\/tags?post=10628"}],"curies":[{"name":"wp","href":"https:\/\/api.w.org\/{rel}","templated":true}]}}