{"id":10622,"date":"2021-03-16T18:22:27","date_gmt":"2021-03-16T21:22:27","guid":{"rendered":"https:\/\/hostnetart.com.br\/baixada\/coe-itau-e-banco-debatem-implantacao-do-gera\/"},"modified":"2021-03-16T18:22:27","modified_gmt":"2021-03-16T21:22:27","slug":"coe-itau-e-banco-debatem-implantacao-do-gera","status":"publish","type":"post","link":"https:\/\/hostnetart.com.br\/baixada\/coe-itau-e-banco-debatem-implantacao-do-gera\/","title":{"rendered":"COE Ita\u00fa e banco debatem implanta\u00e7\u00e3o do GERA"},"content":{"rendered":"<p>A Comiss\u00e3o de Organiza\u00e7\u00e3o dos Empregados (COE) do Ita\u00fa se re\u00fane com a dire\u00e7\u00e3o do banco na tarde desta quarta-feira (17), por videoconfer\u00eancia, para debater a substitui\u00e7\u00e3o do Agir (programa de remunera\u00e7\u00e3o vari\u00e1vel dos banc\u00e1rios da rede de ag\u00eancias) pelo GERA.<\/p>\n<p>Jair Alves, coordenador da COE, explicou que a reuni\u00e3o foi marcada porque o assunto est\u00e1 levando muitas den\u00fancias aos sindicatos de todo o pa\u00eds. \u201cNa vis\u00e3o do banco, o novo programa traria \u2018benef\u00edcios coletivos\u2019 maiores e melhor resultado para o cliente, mas n\u00e3o \u00e9 isso que dizem os banc\u00e1rios. O banco se comprometeu a explicar os motivos da mudan\u00e7a e como o trabalhador ser\u00e1 afetado.\u201d<\/p>\n<p><strong>Fonte: Contraf-CUT<\/strong><\/p>\n","protected":false},"excerpt":{"rendered":"<p>A Comiss\u00e3o de Organiza\u00e7\u00e3o dos Empregados (COE) do Ita\u00fa se re\u00fane com a dire\u00e7\u00e3o do banco na tarde desta quarta-feira (17), por videoconfer\u00eancia, para debater a substitui\u00e7\u00e3o do Agir (programa de remunera\u00e7\u00e3o vari\u00e1vel dos banc\u00e1rios da rede de ag\u00eancias) pelo GERA. Jair Alves, coordenador da COE, explicou que a reuni\u00e3o foi marcada porque o assunto [&hellip;]<\/p>\n","protected":false},"author":2,"featured_media":10621,"comment_status":"","ping_status":"","sticky":false,"template":"","format":"standard","meta":{"footnotes":""},"categories":[3],"tags":[],"class_list":["post-10622","post","type-post","status-publish","format-standard","has-post-thumbnail","hentry","category-noticias"],"_links":{"self":[{"href":"https:\/\/hostnetart.com.br\/baixada\/wp-json\/wp\/v2\/posts\/10622","targetHints":{"allow":["GET"]}}],"collection":[{"href":"https:\/\/hostnetart.com.br\/baixada\/wp-json\/wp\/v2\/posts"}],"about":[{"href":"https:\/\/hostnetart.com.br\/baixada\/wp-json\/wp\/v2\/types\/post"}],"author":[{"embeddable":true,"href":"https:\/\/hostnetart.com.br\/baixada\/wp-json\/wp\/v2\/users\/2"}],"replies":[{"embeddable":true,"href":"https:\/\/hostnetart.com.br\/baixada\/wp-json\/wp\/v2\/comments?post=10622"}],"version-history":[{"count":0,"href":"https:\/\/hostnetart.com.br\/baixada\/wp-json\/wp\/v2\/posts\/10622\/revisions"}],"wp:featuredmedia":[{"embeddable":true,"href":"https:\/\/hostnetart.com.br\/baixada\/wp-json\/wp\/v2\/media\/10621"}],"wp:attachment":[{"href":"https:\/\/hostnetart.com.br\/baixada\/wp-json\/wp\/v2\/media?parent=10622"}],"wp:term":[{"taxonomy":"category","embeddable":true,"href":"https:\/\/hostnetart.com.br\/baixada\/wp-json\/wp\/v2\/categories?post=10622"},{"taxonomy":"post_tag","embeddable":true,"href":"https:\/\/hostnetart.com.br\/baixada\/wp-json\/wp\/v2\/tags?post=10622"}],"curies":[{"name":"wp","href":"https:\/\/api.w.org\/{rel}","templated":true}]}}