{"id":10620,"date":"2021-03-16T14:37:41","date_gmt":"2021-03-16T17:37:41","guid":{"rendered":"https:\/\/hostnetart.com.br\/baixada\/contraf-cut-reivindica-postergacao-do-fim-da-assistencia-a-saude-aos-ex-empregados-do-bradesco\/"},"modified":"2021-03-16T14:37:41","modified_gmt":"2021-03-16T17:37:41","slug":"contraf-cut-reivindica-postergacao-do-fim-da-assistencia-a-saude-aos-ex-empregados-do-bradesco","status":"publish","type":"post","link":"https:\/\/hostnetart.com.br\/baixada\/contraf-cut-reivindica-postergacao-do-fim-da-assistencia-a-saude-aos-ex-empregados-do-bradesco\/","title":{"rendered":"Contraf-CUT reivindica posterga\u00e7\u00e3o do fim da assist\u00eancia \u00e0 sa\u00fade aos ex-empregados do Bradesco"},"content":{"rendered":"<p>A Confedera\u00e7\u00e3o Nacional dos Trabalhadores do Ramo Financeiro (Contraf-CUT) solicitou, por of\u00edcio enviado na tarde de sexta-feira (12), a posterga\u00e7\u00e3o da assist\u00eancia \u00e0 sa\u00fade aos ex-empregados do Bradesco, aderentes ao Plano de Demiss\u00e3o Volunt\u00e1ria (PDV) de 2019.<\/p>\n<p>Magaly Fagundes, coordenadora da Comiss\u00e3o de Organiza\u00e7\u00e3o dos Empregados (COE) do Bradesco, explicou que a pandemia do novo coronav\u00edrus (Covid-10) trouxe uma inesperada situa\u00e7\u00e3o a estes ex-empregados, seja pela dificuldade de contratar um novo plano e ser impactado com per\u00edodos de car\u00eancia, seja por estarem em pleno tratamento m\u00e9dico tanto para tratar da nova doen\u00e7a quanto para tratar de suas sequelas e outros tratamentos de longo per\u00edodos e\/ou exames de acompanhamento, como os que tratam c\u00e2ncer.<\/p>\n<p>\u201cEste cen\u00e1rio, totalmente inesperado por todos, assim como a aproxima\u00e7\u00e3o do fim dos 18 meses de cobertura do pagamento do seguro sa\u00fade, coloca muitas vidas em situa\u00e7\u00e3o muito dif\u00edcil. Solicitamos a compreens\u00e3o da dire\u00e7\u00e3o do Bradesco neste momento dif\u00edcil e desafiador e que sejam postergados por mais 180 dias o benef\u00edcio de sa\u00fade aos ex-empregados que aderiram ao PDV de 2019\u201d, explicou Magaly.<\/p>\n<p><strong>Fonte: Contraf-CUT<\/strong><\/p>\n","protected":false},"excerpt":{"rendered":"<p>A Confedera\u00e7\u00e3o Nacional dos Trabalhadores do Ramo Financeiro (Contraf-CUT) solicitou, por of\u00edcio enviado na tarde de sexta-feira (12), a posterga\u00e7\u00e3o da assist\u00eancia \u00e0 sa\u00fade aos ex-empregados do Bradesco, aderentes ao Plano de Demiss\u00e3o Volunt\u00e1ria (PDV) de 2019. Magaly Fagundes, coordenadora da Comiss\u00e3o de Organiza\u00e7\u00e3o dos Empregados (COE) do Bradesco, explicou que a pandemia do novo [&hellip;]<\/p>\n","protected":false},"author":2,"featured_media":10619,"comment_status":"","ping_status":"","sticky":false,"template":"","format":"standard","meta":{"footnotes":""},"categories":[3],"tags":[],"class_list":["post-10620","post","type-post","status-publish","format-standard","has-post-thumbnail","hentry","category-noticias"],"_links":{"self":[{"href":"https:\/\/hostnetart.com.br\/baixada\/wp-json\/wp\/v2\/posts\/10620","targetHints":{"allow":["GET"]}}],"collection":[{"href":"https:\/\/hostnetart.com.br\/baixada\/wp-json\/wp\/v2\/posts"}],"about":[{"href":"https:\/\/hostnetart.com.br\/baixada\/wp-json\/wp\/v2\/types\/post"}],"author":[{"embeddable":true,"href":"https:\/\/hostnetart.com.br\/baixada\/wp-json\/wp\/v2\/users\/2"}],"replies":[{"embeddable":true,"href":"https:\/\/hostnetart.com.br\/baixada\/wp-json\/wp\/v2\/comments?post=10620"}],"version-history":[{"count":0,"href":"https:\/\/hostnetart.com.br\/baixada\/wp-json\/wp\/v2\/posts\/10620\/revisions"}],"wp:featuredmedia":[{"embeddable":true,"href":"https:\/\/hostnetart.com.br\/baixada\/wp-json\/wp\/v2\/media\/10619"}],"wp:attachment":[{"href":"https:\/\/hostnetart.com.br\/baixada\/wp-json\/wp\/v2\/media?parent=10620"}],"wp:term":[{"taxonomy":"category","embeddable":true,"href":"https:\/\/hostnetart.com.br\/baixada\/wp-json\/wp\/v2\/categories?post=10620"},{"taxonomy":"post_tag","embeddable":true,"href":"https:\/\/hostnetart.com.br\/baixada\/wp-json\/wp\/v2\/tags?post=10620"}],"curies":[{"name":"wp","href":"https:\/\/api.w.org\/{rel}","templated":true}]}}