{"id":10618,"date":"2021-03-16T14:36:11","date_gmt":"2021-03-16T17:36:11","guid":{"rendered":"https:\/\/hostnetart.com.br\/baixada\/cee-caixa-se-reune-com-o-banco-nesta-terca-feira-16\/"},"modified":"2021-03-16T14:36:11","modified_gmt":"2021-03-16T17:36:11","slug":"cee-caixa-se-reune-com-o-banco-nesta-terca-feira-16","status":"publish","type":"post","link":"https:\/\/hostnetart.com.br\/baixada\/cee-caixa-se-reune-com-o-banco-nesta-terca-feira-16\/","title":{"rendered":"CEE\/Caixa se re\u00fane com o banco nesta ter\u00e7a-feira (16)"},"content":{"rendered":"<p>A Comiss\u00e3o Executiva dos Empregados (CEE) da Caixa, que assessora a Confedera\u00e7\u00e3o Nacional dos Trabalhadores do Ramo Financeiro (Contraf-CUT) nas negocia\u00e7\u00f5es com a Caixa Econ\u00f4mica Federal, se re\u00fane com a dire\u00e7\u00e3o do banco nesta ter\u00e7a-feira (16), \u00e0s 10h. A reuni\u00e3o da mesa permanente de negocia\u00e7\u00e3o vai discutir as medidas anunciadas para a utiliza\u00e7\u00e3o dos sistemas do banco em acesso remoto e fatores de autentica\u00e7\u00e3o pr\u00f3prios e o fortalecimento dos protocolos de sa\u00fade contra a Covid-19, para proteger os empregados e a popula\u00e7\u00e3o.<\/p>\n<p>Em um comunicado interno, o banco elencou as medidas necess\u00e1rias \u00e0 conex\u00e3o remota em \u201cVirtual Private Network \u2013 VPN\u201d da Caixa e as a\u00e7\u00f5es necess\u00e1rias \u00e0 seguran\u00e7a dos acessos para realiza\u00e7\u00e3o do trabalho atrav\u00e9s do \u201cM\u00faltiplo Fator de Autentica\u00e7\u00e3o \u2013 MFA\u201d. Segundo a coordenadora da CEE\/Caixa e secret\u00e1ria da Cultura da Contraf-CUT, Fabiana Uehara Proscholdt, a Caixa desconsiderou a ocorr\u00eancia de disp\u00eandios gerados aos empregados, particularmente, com custeio de conex\u00e3o pr\u00f3pria \u00e0 internet, utiliza\u00e7\u00e3o de aparelho celular ou smartphones pr\u00f3prios e outros custos intr\u00ednsecos.<\/p>\n<p>\u201cManifestamos nossa inconformidade com medidas que repassam os custos do trabalho remoto para empregados e exigiremos na negocia\u00e7\u00e3o a retifica\u00e7\u00e3o da medida. \u00c9 pleito nosso que a Caixa custeie eventuais gastos que os trabalhadores tenham para o desenvolvimento de suas atividades no teletrabalho\u201d, afirmou Fabiana.<\/p>\n<p>A reuni\u00e3o da mesa permanente de negocia\u00e7\u00e3o ser\u00e1 realizada por videoconfer\u00eancia. A proposta da Caixa \u00e9 tratar de assuntos relacionados ao trabalho remoto, banco de horas e demais decorr\u00eancias, mas a coordenadora da CEE\/Caixa adiantou que solicitou a inclus\u00e3o de outras quest\u00f5es relacionadas ao trabalho durante a pandemia.<\/p>\n<p>\u201cDefendemos que os banc\u00e1rios sejam inclu\u00eddos nos grupos priorit\u00e1rios de vacina\u00e7\u00e3o; queremos debater formas de melhorias nos sistemas, para evitar problemas de lentid\u00e3o e dificuldades de acesso como os ocorridos nos \u00faltimos dias e que os empregados n\u00e3o sejam responsabilizados por problemas decorrentes de falhas tecnol\u00f3gicas; al\u00e9m do aprimoramento dos protocolos de preven\u00e7\u00e3o, debater o aumento do n\u00famero de pessoas em projeto remoto e retorno do rod\u00edzio, diante do aumento no n\u00famero de casos\u201d, salientou a coordenadora.<\/p>\n<h3>Confira a pauta da CEE para a reuni\u00e3o:<\/h3>\n<ul>\n<li>Aprimoramento dos Protocolos de Preven\u00e7\u00e3o ao Covid (implementa\u00e7\u00e3o de anteparo de acr\u00edlico em todas as mesas de atendimento;<\/li>\n<li>limita\u00e7\u00e3o da quantidade de clientes por vez nas ag\u00eancias; retorno de vigilante e recepcionistas para triagem de filas; revis\u00e3o da lista de \u201cservi\u00e7os essenciais\u201d;<\/li>\n<li>testagem para todos os empregados da unidade onde houver caso suspeito\/confirmado;<\/li>\n<li>Aumento do n\u00famero de pessoas em Projeto Remoto e retorno do rod\u00edzio (o decreto de Bras\u00edlia prev\u00ea isso, por exemplo);<\/li>\n<li>N\u00e3o exposi\u00e7\u00e3o de \u201cNome e Sobrenome\u201d de funcion\u00e1rio em SMS de avalia\u00e7\u00e3o de atendimento;<\/li>\n<li>Revoga\u00e7\u00e3o da determina\u00e7\u00e3o de 20\/01, que previa a amplia\u00e7\u00e3o do n\u00famero de pessoas trabalhando presencialmente nas unidades, inclusive \u00e1reas meio;<\/li>\n<li>CR444 (PQV);<\/li>\n<li>Objetivos Smart \u2013 VIRED;<\/li>\n<li>Exclus\u00e3o de metas de produtos durante a Pandemia;<\/li>\n<li>Uso de celular\/equipamento pessoal;<\/li>\n<li>Revis\u00e3o\/Suspens\u00e3o de destitui\u00e7\u00f5es de fun\u00e7\u00e3o e rebaixamentos durante a pandemia;<\/li>\n<li>Mobilidade dos empregados antes das novas contrata\u00e7\u00f5es;<\/li>\n<li>Prorroga\u00e7\u00e3o do prazo para frui\u00e7\u00e3o dos dez dias de compensa\u00e7\u00e3o dos GGRs;<\/li>\n<li>Amplia\u00e7\u00e3o do prazo para certifica\u00e7\u00f5es e manuten\u00e7\u00e3o das fun\u00e7\u00f5es;<\/li>\n<li>Lives durante hor\u00e1rio de atendimento;<\/li>\n<li>PSIs (transpar\u00eancia);<\/li>\n<li>Inclus\u00e3o dos banc\u00e1rios nos grupos priorit\u00e1rios da vacina\u00e7\u00e3o;<\/li>\n<li>Melhorias nos sistemas, para evitar problemas de lentid\u00e3o e dificuldades de acesso, como os ocorridos nos \u00faltimos dias;<\/li>\n<li>N\u00e3o responsabiliza\u00e7\u00e3o dos empregados em problemas decorrentes das falhas tecnol\u00f3gicas;<\/li>\n<li>Reestrutura\u00e7\u00e3o nas \u00e1reas meio;<\/li>\n<li>Inibir que empregados atuem fora da ag\u00eancia (ap\u00f3s a porta girat\u00f3ria).<\/li>\n<\/ul>\n<p><strong>Fonte: Contraf-CUT<\/strong><\/p>\n","protected":false},"excerpt":{"rendered":"<p>A Comiss\u00e3o Executiva dos Empregados (CEE) da Caixa, que assessora a Confedera\u00e7\u00e3o Nacional dos Trabalhadores do Ramo Financeiro (Contraf-CUT) nas negocia\u00e7\u00f5es com a Caixa Econ\u00f4mica Federal, se re\u00fane com a dire\u00e7\u00e3o do banco nesta ter\u00e7a-feira (16), \u00e0s 10h. A reuni\u00e3o da mesa permanente de negocia\u00e7\u00e3o vai discutir as medidas anunciadas para a utiliza\u00e7\u00e3o dos sistemas [&hellip;]<\/p>\n","protected":false},"author":2,"featured_media":10617,"comment_status":"","ping_status":"","sticky":false,"template":"","format":"standard","meta":{"footnotes":""},"categories":[3],"tags":[],"class_list":["post-10618","post","type-post","status-publish","format-standard","has-post-thumbnail","hentry","category-noticias"],"_links":{"self":[{"href":"https:\/\/hostnetart.com.br\/baixada\/wp-json\/wp\/v2\/posts\/10618","targetHints":{"allow":["GET"]}}],"collection":[{"href":"https:\/\/hostnetart.com.br\/baixada\/wp-json\/wp\/v2\/posts"}],"about":[{"href":"https:\/\/hostnetart.com.br\/baixada\/wp-json\/wp\/v2\/types\/post"}],"author":[{"embeddable":true,"href":"https:\/\/hostnetart.com.br\/baixada\/wp-json\/wp\/v2\/users\/2"}],"replies":[{"embeddable":true,"href":"https:\/\/hostnetart.com.br\/baixada\/wp-json\/wp\/v2\/comments?post=10618"}],"version-history":[{"count":0,"href":"https:\/\/hostnetart.com.br\/baixada\/wp-json\/wp\/v2\/posts\/10618\/revisions"}],"wp:featuredmedia":[{"embeddable":true,"href":"https:\/\/hostnetart.com.br\/baixada\/wp-json\/wp\/v2\/media\/10617"}],"wp:attachment":[{"href":"https:\/\/hostnetart.com.br\/baixada\/wp-json\/wp\/v2\/media?parent=10618"}],"wp:term":[{"taxonomy":"category","embeddable":true,"href":"https:\/\/hostnetart.com.br\/baixada\/wp-json\/wp\/v2\/categories?post=10618"},{"taxonomy":"post_tag","embeddable":true,"href":"https:\/\/hostnetart.com.br\/baixada\/wp-json\/wp\/v2\/tags?post=10618"}],"curies":[{"name":"wp","href":"https:\/\/api.w.org\/{rel}","templated":true}]}}